{"id":25426,"date":"2026-09-05T11:32:12","date_gmt":"2026-09-05T09:32:12","guid":{"rendered":"https:\/\/ross.international\/?p=25426"},"modified":"2026-09-06T08:21:44","modified_gmt":"2026-09-06T06:21:44","slug":"formacion-continuada-nuevas-fechas-otono-2026","status":"publish","type":"post","link":"https:\/\/ross.international\/en\/continuing-education-new-dates-autumn-2026\/","title":{"rendered":"R\u00d6S&#039;S Continuing Education: New dates from September to December 2026"},"content":{"rendered":"<p>The school year starts and with it comes the <strong>Continuing education at the R\u00d6S&#039;S Aesthetics Division<\/strong>The program with which, for years, we have supported centers working with our equipment to help them get the most out of each device. They are now published in our <a href=\"\/en\/formations\/\">digital calendar<\/a> The new dates are from September to December, with limited places and online booking.<\/p>\n<p>The idea is simple: a piece of equipment only performs as well as the person operating it. That&#039;s why we don&#039;t see training in aesthetic devices as a mere formality, but as a continuous journey, from basic to advanced levels, updated each season with new protocols and the real questions we receive from our clients. This season, the program revolves around our two main technologies, the <a href=\"\/en\/what-is-448-khz-radiofrequency-diathermy-and-what-is-it-used-for\/\">diathermy 448 kHz<\/a> and the <a href=\"\/en\/compressive-body-contouring-massage\/\">physioactive massage<\/a>, con sesiones presenciales en Castelldefels y Madrid.<\/p>\n<h2>Training schedule: September to December 2026<\/h2>\n<ul>\n<li><strong>September 21<\/strong> \u00b7 Valencia \u00b7 10:00 h: <a href=\"https:\/\/ross.international\/en\/formations\/basic-diathermy-fundamentals-valencia-september-2026\/\">Basic Diathermy: Fundamentals and Key Applications<\/a><\/li>\n<li><strong>September 21<\/strong> \u00b7 Castelldefels \u00b7 10:00 h: <a href=\"https:\/\/ross.international\/en\/formations\/diathermy-round-table-castelldefels-september-2026\/\">Diathermy: Question and Answer Round Table<\/a><\/li>\n<li><strong>October 5<\/strong> \u00b7 Castelldefels \u00b7 10:00 h: <a href=\"https:\/\/ross.international\/en\/formations\/advanced-physioactive-massage-facial-protocols-castelldefels-october-2026\/\">Advanced Physioactive Massage: facial protocols and holistic wellness techniques<\/a><\/li>\n<li><strong>October 26<\/strong> \u00b7 Valencia \u00b7 10:00 h: <a href=\"https:\/\/ross.international\/en\/formations\/diathermy-advanced-course-on-diathermy-bracelets-valencia-october-2026\/\">Diathermy: Advanced course with cuffs<\/a><\/li>\n<li><strong>November 9<\/strong> \u00b7 Castelldefels \u00b7 10:00 h: <a href=\"https:\/\/ross.international\/en\/formations\/diathermy-advanced-course-specific-protocols-castelldefels-november-2026\/\">Diathermy: Advanced course on specific protocols<\/a><\/li>\n<li><strong>November 23<\/strong> \u00b7 Valencia \u00b7 10:00 h: <a href=\"https:\/\/ross.international\/en\/formations\/physioactive-massage-endoactivation-fundamentals-valencia-november-2026\/\">Physioactive Massage and Endoactivation: Mastering the Fundamentals<\/a><\/li>\n<li><strong>December 14<\/strong> \u00b7 Valencia \u00b7 10:00 h: <a href=\"https:\/\/ross.international\/en\/formations\/diathermy-round-table-valencia-december-2026\/\">Diathermy: Question and Answer Round Table<\/a><\/li>\n<\/ul>\n<p>Each information sheet includes the program, duration, location, and registration form. Places are assigned on a first-come, first-served basis.<\/p>\n<h2>What does R\u00d6S&#039;S continuing education include?<\/h2>\n<ul>\n<li><strong>R\u00d6S&#039;S Teachers.<\/strong> The sessions are taught by the manufacturer&#039;s trainers, using the same equipment and protocols that are applied in the cabin.<\/li>\n<li><strong>Supporting material.<\/strong> Protocols and application guides to consult later at the center.<\/li>\n<li><strong>Certificate of attendance<\/strong> from R\u00d6S&#039;S upon completion of the session.<\/li>\n<\/ul>\n<h2>448 kHz diathermy training: from basic to advanced level<\/h2>\n<p>Diathermy is R\u00d6S&#039;S&#039;s core technology and the one with the most extensive training program. The autumn program covers the entire curriculum: the session of <strong>fundamentals and key applications<\/strong> for those starting out or wanting to lay a foundation; the <strong>advanced courses<\/strong> of specific protocols and application with wristbands, which is the hands-free technique that is growing the most in the cabin; and the <strong>roundtable discussions<\/strong>This is an open format for resolving questions about daily practice with the technical team. If you want to come prepared with the theory, we recommend reading beforehand. <a href=\"\/en\/facial-diathermy-in-a-cabin\/\">What does facial diathermy in a treatment room offer?<\/a>.<\/p>\n<h2>Training in physioactive massage and endoactivation<\/h2>\n<p>Physioactive massage is a compressive massage technique that replicates the maneuvers of therapeutic massage with constant and controlled pressure. The two autumn sessions complement each other: one of <strong>mastery of the fundamentals<\/strong>to incorporate the technique safely, and a <strong>Advanced facial protocols and holistic wellness techniques<\/strong>For those already working in this field who want to expand their services, this is the benchmark training for centers that work with... <a href=\"\/en\/products\/esthetics\/roll-2-0\/\">Roll 2.0<\/a> y <a href=\"\/en\/products\/esthetics\/rollsystemic\/\">Roll Systemic<\/a>.<\/p>\n<h2>Who is it aimed at?<\/h2>\n<p>This course is for professionals and beauty centers already working with R\u00d6S&#039;S equipment who want to maximize its profitability, as well as those considering adding diathermy or physioactive massage to their service offerings and who would like to learn the technique before making a decision. No prior experience is necessary for the introductory sessions; the advanced courses are designed for those already familiar with the basics.<\/p>\n<h2>How to book<\/h2>\n<p>Enter the <a href=\"\/en\/formations\/\">training schedule<\/a>Choose the date that suits you and complete the form. You will receive confirmation by email. If you have any questions about which course is right for you, <a href=\"\/en\/contact\/\">Write to us<\/a> and we&#039;ll guide you.<\/p>\n<h2>Frequently Asked Questions<\/h2>\n<p><strong>Do I need to have R\u00d6S&#039;S equipment to attend?<\/strong> No. The fundamentals sessions are open to any beauty professional interested in the technique. For advanced courses, we recommend having completed the basic session or already working with the equipment.<\/p>\n<p><strong>How many places are there?<\/strong> We work with small groups so that everyone can practice, so places are limited and are assigned in order of booking.<\/p>\n<p><strong>Is a certificate issued?<\/strong> Yes, a certificate of attendance from R\u00d6S&#039;S is provided at the end of each session.<\/p>\n<p><strong>Will there be more dates?<\/strong> The schedule is updated every season. If the date you&#039;re interested in is full, contact us and we&#039;ll let you know about the next available date.<\/p>","protected":false},"excerpt":{"rendered":"<p>Arranca el curso y con \u00e9l vuelve la formaci\u00f3n continuada de la Divisi\u00f3n de Est\u00e9tica de R\u00d6S&#8217;S: el programa con el que, desde hace a\u00f1os, acompa\u00f1amos a los centros que trabajan con nuestra aparatolog\u00eda para que saquen de cada equipo todo lo que puede dar. Ya est\u00e1n publicadas en nuestro calendario digital las nuevas fechas [&hellip;]<\/p>","protected":false},"author":2,"featured_media":25441,"comment_status":"closed","ping_status":"closed","sticky":false,"template":"","format":"standard","meta":{"_acf_changed":false,"footnotes":""},"categories":[401],"tags":[],"class_list":["post-25426","post","type-post","status-publish","format-standard","has-post-thumbnail","hentry","category-formacion-y-recursos"],"acf":[],"yoast_head":"<!-- This site is optimized with the Yoast SEO Premium plugin v22.6 (Yoast SEO v25.3.1) - https:\/\/yoast.com\/wordpress\/plugins\/seo\/ -->\n<title>Formaci\u00f3n en aparatolog\u00eda est\u00e9tica: oto\u00f1o 2026 | R\u00d6SS<\/title>\n<meta name=\"description\" content=\"Formaci\u00f3n continuada R\u00d6S&#039;S para profesionales de la est\u00e9tica: cursos de diatermia 448 kHz y masaje fisioactivo en Castelldefels y Valencia. Reserva online.\" \/>\n<meta name=\"robots\" content=\"index, follow, max-snippet:-1, max-image-preview:large, max-video-preview:-1\" \/>\n<link rel=\"canonical\" href=\"https:\/\/ross.international\/en\/continuing-education-new-dates-autumn-2026\/\" \/>\n<meta property=\"og:locale\" content=\"en_US\" \/>\n<meta property=\"og:type\" content=\"article\" \/>\n<meta property=\"og:title\" content=\"Formaci\u00f3n continuada R\u00d6S&#039;S: nuevas fechas de septiembre a diciembre de 2026\" \/>\n<meta property=\"og:description\" content=\"Formaci\u00f3n continuada R\u00d6S&#039;S para profesionales de la est\u00e9tica: cursos de diatermia 448 kHz y masaje fisioactivo en Castelldefels y Valencia. Reserva online.\" \/>\n<meta property=\"og:url\" content=\"https:\/\/ross.international\/en\/continuing-education-new-dates-autumn-2026\/\" \/>\n<meta property=\"og:site_name\" content=\"R\u00d6S&#039;S\" \/>\n<meta property=\"article:published_time\" content=\"2026-09-05T09:32:12+00:00\" \/>\n<meta property=\"article:modified_time\" content=\"2026-09-06T06:21:44+00:00\" \/>\n<meta property=\"og:image\" content=\"https:\/\/ross.international\/wp-content\/uploads\/2026\/09\/formacion-continuada-ross-otono-2026.jpg\" \/>\n\t<meta property=\"og:image:width\" content=\"1200\" \/>\n\t<meta property=\"og:image:height\" content=\"675\" \/>\n\t<meta property=\"og:image:type\" content=\"image\/jpeg\" \/>\n<meta name=\"author\" content=\"R\u00d6SS Est\u00e9tica\" \/>\n<meta name=\"twitter:card\" content=\"summary_large_image\" \/>\n<meta name=\"twitter:label1\" content=\"Written by\" \/>\n\t<meta name=\"twitter:data1\" content=\"R\u00d6SS Est\u00e9tica\" \/>\n\t<meta name=\"twitter:label2\" content=\"Est. reading time\" \/>\n\t<meta name=\"twitter:data2\" content=\"4 minutes\" \/>\n<script type=\"application\/ld+json\" class=\"yoast-schema-graph\">{\"@context\":\"https:\/\/schema.org\",\"@graph\":[{\"@type\":\"Article\",\"@id\":\"https:\/\/ross.international\/formacion-continuada-nuevas-fechas-otono-2026\/#article\",\"isPartOf\":{\"@id\":\"https:\/\/ross.international\/formacion-continuada-nuevas-fechas-otono-2026\/\"},\"author\":{\"name\":\"R\u00d6SS Est\u00e9tica\",\"@id\":\"https:\/\/ross.international\/#\/schema\/person\/96b97f76d225ca3a383173ae5a2a7b63\"},\"headline\":\"Formaci\u00f3n continuada R\u00d6S&#8217;S: nuevas fechas de septiembre a diciembre de 2026\",\"datePublished\":\"2026-09-05T09:32:12+00:00\",\"dateModified\":\"2026-09-06T06:21:44+00:00\",\"mainEntityOfPage\":{\"@id\":\"https:\/\/ross.international\/formacion-continuada-nuevas-fechas-otono-2026\/\"},\"wordCount\":796,\"publisher\":{\"@id\":\"https:\/\/ross.international\/#organization\"},\"image\":{\"@id\":\"https:\/\/ross.international\/formacion-continuada-nuevas-fechas-otono-2026\/#primaryimage\"},\"thumbnailUrl\":\"https:\/\/ross.international\/wp-content\/uploads\/2026\/09\/formacion-continuada-ross-otono-2026.jpg\",\"articleSection\":[\"Formaci\u00f3n y recursos\"],\"inLanguage\":\"en-US\"},{\"@type\":\"WebPage\",\"@id\":\"https:\/\/ross.international\/formacion-continuada-nuevas-fechas-otono-2026\/\",\"url\":\"https:\/\/ross.international\/formacion-continuada-nuevas-fechas-otono-2026\/\",\"name\":\"Formaci\u00f3n en aparatolog\u00eda est\u00e9tica: oto\u00f1o 2026 | R\u00d6SS\",\"isPartOf\":{\"@id\":\"https:\/\/ross.international\/#website\"},\"primaryImageOfPage\":{\"@id\":\"https:\/\/ross.international\/formacion-continuada-nuevas-fechas-otono-2026\/#primaryimage\"},\"image\":{\"@id\":\"https:\/\/ross.international\/formacion-continuada-nuevas-fechas-otono-2026\/#primaryimage\"},\"thumbnailUrl\":\"https:\/\/ross.international\/wp-content\/uploads\/2026\/09\/formacion-continuada-ross-otono-2026.jpg\",\"datePublished\":\"2026-09-05T09:32:12+00:00\",\"dateModified\":\"2026-09-06T06:21:44+00:00\",\"description\":\"Formaci\u00f3n continuada R\u00d6S'S para profesionales de la est\u00e9tica: cursos de diatermia 448 kHz y masaje fisioactivo en Castelldefels y Valencia. Reserva online.\",\"breadcrumb\":{\"@id\":\"https:\/\/ross.international\/formacion-continuada-nuevas-fechas-otono-2026\/#breadcrumb\"},\"inLanguage\":\"en-US\",\"potentialAction\":[{\"@type\":\"ReadAction\",\"target\":[\"https:\/\/ross.international\/formacion-continuada-nuevas-fechas-otono-2026\/\"]}]},{\"@type\":\"ImageObject\",\"inLanguage\":\"en-US\",\"@id\":\"https:\/\/ross.international\/formacion-continuada-nuevas-fechas-otono-2026\/#primaryimage\",\"url\":\"https:\/\/ross.international\/wp-content\/uploads\/2026\/09\/formacion-continuada-ross-otono-2026.jpg\",\"contentUrl\":\"https:\/\/ross.international\/wp-content\/uploads\/2026\/09\/formacion-continuada-ross-otono-2026.jpg\",\"width\":1200,\"height\":675,\"caption\":\"Birrete de graduacion con borla naranja delante del logotipo de ROSS, formacion continuada en aparatologia estetica\"},{\"@type\":\"BreadcrumbList\",\"@id\":\"https:\/\/ross.international\/formacion-continuada-nuevas-fechas-otono-2026\/#breadcrumb\",\"itemListElement\":[{\"@type\":\"ListItem\",\"position\":1,\"name\":\"Portada\",\"item\":\"https:\/\/ross.international\/\"},{\"@type\":\"ListItem\",\"position\":2,\"name\":\"Formaci\u00f3n continuada R\u00d6S&#8217;S: nuevas fechas de septiembre a diciembre de 2026\"}]},{\"@type\":\"WebSite\",\"@id\":\"https:\/\/ross.international\/#website\",\"url\":\"https:\/\/ross.international\/\",\"name\":\"R\u00d6S'S\",\"description\":\"\",\"publisher\":{\"@id\":\"https:\/\/ross.international\/#organization\"},\"potentialAction\":[{\"@type\":\"SearchAction\",\"target\":{\"@type\":\"EntryPoint\",\"urlTemplate\":\"https:\/\/ross.international\/?s={search_term_string}\"},\"query-input\":{\"@type\":\"PropertyValueSpecification\",\"valueRequired\":true,\"valueName\":\"search_term_string\"}}],\"inLanguage\":\"en-US\"},{\"@type\":\"Organization\",\"@id\":\"https:\/\/ross.international\/#organization\",\"name\":\"R\u00d6S'S\",\"alternateName\":[\"Ross\",\"ROSS\",\"R\u00f6ss\"],\"url\":\"https:\/\/ross.international\/\",\"logo\":{\"@type\":\"ImageObject\",\"inLanguage\":\"en-US\",\"@id\":\"https:\/\/ross.international\/#\/schema\/logo\/image\/\",\"url\":\"https:\/\/ross.international\/wp-content\/uploads\/2026\/03\/ross_logo.png\",\"contentUrl\":\"https:\/\/ross.international\/wp-content\/uploads\/2026\/03\/ross_logo.png\",\"width\":1200,\"height\":675,\"caption\":\"R\u00d6S'S\"},\"image\":{\"@id\":\"https:\/\/ross.international\/#\/schema\/logo\/image\/\"}},{\"@type\":\"Person\",\"@id\":\"https:\/\/ross.international\/#\/schema\/person\/96b97f76d225ca3a383173ae5a2a7b63\",\"name\":\"R\u00d6SS Est\u00e9tica\",\"image\":{\"@type\":\"ImageObject\",\"inLanguage\":\"en-US\",\"@id\":\"https:\/\/ross.international\/#\/schema\/person\/image\/\",\"url\":\"https:\/\/secure.gravatar.com\/avatar\/c9ab3cffa31520f19ed65401b678b69c07578fa8366bba0a02bd3bbd955fca8e?s=96&d=mm&r=g\",\"contentUrl\":\"https:\/\/secure.gravatar.com\/avatar\/c9ab3cffa31520f19ed65401b678b69c07578fa8366bba0a02bd3bbd955fca8e?s=96&d=mm&r=g\",\"caption\":\"R\u00d6SS Est\u00e9tica\"},\"sameAs\":[\"https:\/\/ross.international\"]}]}<\/script>\n<!-- \/ Yoast SEO Premium plugin. -->","yoast_head_json":{"title":"Formaci\u00f3n en aparatolog\u00eda est\u00e9tica: oto\u00f1o 2026 | R\u00d6SS","description":"Formaci\u00f3n continuada R\u00d6S'S para profesionales de la est\u00e9tica: cursos de diatermia 448 kHz y masaje fisioactivo en Castelldefels y Valencia. Reserva online.","robots":{"index":"index","follow":"follow","max-snippet":"max-snippet:-1","max-image-preview":"max-image-preview:large","max-video-preview":"max-video-preview:-1"},"canonical":"https:\/\/ross.international\/en\/continuing-education-new-dates-autumn-2026\/","og_locale":"en_US","og_type":"article","og_title":"Formaci\u00f3n continuada R\u00d6S'S: nuevas fechas de septiembre a diciembre de 2026","og_description":"Formaci\u00f3n continuada R\u00d6S'S para profesionales de la est\u00e9tica: cursos de diatermia 448 kHz y masaje fisioactivo en Castelldefels y Valencia. Reserva online.","og_url":"https:\/\/ross.international\/en\/continuing-education-new-dates-autumn-2026\/","og_site_name":"R\u00d6S&#039;S","article_published_time":"2026-09-05T09:32:12+00:00","article_modified_time":"2026-09-06T06:21:44+00:00","og_image":[{"width":1200,"height":675,"url":"https:\/\/ross.international\/wp-content\/uploads\/2026\/09\/formacion-continuada-ross-otono-2026.jpg","type":"image\/jpeg"}],"author":"R\u00d6SS Est\u00e9tica","twitter_card":"summary_large_image","twitter_misc":{"Written by":"R\u00d6SS Est\u00e9tica","Est. reading time":"4 minutes"},"schema":{"@context":"https:\/\/schema.org","@graph":[{"@type":"Article","@id":"https:\/\/ross.international\/formacion-continuada-nuevas-fechas-otono-2026\/#article","isPartOf":{"@id":"https:\/\/ross.international\/formacion-continuada-nuevas-fechas-otono-2026\/"},"author":{"name":"R\u00d6SS Est\u00e9tica","@id":"https:\/\/ross.international\/#\/schema\/person\/96b97f76d225ca3a383173ae5a2a7b63"},"headline":"Formaci\u00f3n continuada R\u00d6S&#8217;S: nuevas fechas de septiembre a diciembre de 2026","datePublished":"2026-09-05T09:32:12+00:00","dateModified":"2026-09-06T06:21:44+00:00","mainEntityOfPage":{"@id":"https:\/\/ross.international\/formacion-continuada-nuevas-fechas-otono-2026\/"},"wordCount":796,"publisher":{"@id":"https:\/\/ross.international\/#organization"},"image":{"@id":"https:\/\/ross.international\/formacion-continuada-nuevas-fechas-otono-2026\/#primaryimage"},"thumbnailUrl":"https:\/\/ross.international\/wp-content\/uploads\/2026\/09\/formacion-continuada-ross-otono-2026.jpg","articleSection":["Formaci\u00f3n y recursos"],"inLanguage":"en-US"},{"@type":"WebPage","@id":"https:\/\/ross.international\/formacion-continuada-nuevas-fechas-otono-2026\/","url":"https:\/\/ross.international\/formacion-continuada-nuevas-fechas-otono-2026\/","name":"Formaci\u00f3n en aparatolog\u00eda est\u00e9tica: oto\u00f1o 2026 | R\u00d6SS","isPartOf":{"@id":"https:\/\/ross.international\/#website"},"primaryImageOfPage":{"@id":"https:\/\/ross.international\/formacion-continuada-nuevas-fechas-otono-2026\/#primaryimage"},"image":{"@id":"https:\/\/ross.international\/formacion-continuada-nuevas-fechas-otono-2026\/#primaryimage"},"thumbnailUrl":"https:\/\/ross.international\/wp-content\/uploads\/2026\/09\/formacion-continuada-ross-otono-2026.jpg","datePublished":"2026-09-05T09:32:12+00:00","dateModified":"2026-09-06T06:21:44+00:00","description":"Formaci\u00f3n continuada R\u00d6S'S para profesionales de la est\u00e9tica: cursos de diatermia 448 kHz y masaje fisioactivo en Castelldefels y Valencia. Reserva online.","breadcrumb":{"@id":"https:\/\/ross.international\/formacion-continuada-nuevas-fechas-otono-2026\/#breadcrumb"},"inLanguage":"en-US","potentialAction":[{"@type":"ReadAction","target":["https:\/\/ross.international\/formacion-continuada-nuevas-fechas-otono-2026\/"]}]},{"@type":"ImageObject","inLanguage":"en-US","@id":"https:\/\/ross.international\/formacion-continuada-nuevas-fechas-otono-2026\/#primaryimage","url":"https:\/\/ross.international\/wp-content\/uploads\/2026\/09\/formacion-continuada-ross-otono-2026.jpg","contentUrl":"https:\/\/ross.international\/wp-content\/uploads\/2026\/09\/formacion-continuada-ross-otono-2026.jpg","width":1200,"height":675,"caption":"Birrete de graduacion con borla naranja delante del logotipo de ROSS, formacion continuada en aparatologia estetica"},{"@type":"BreadcrumbList","@id":"https:\/\/ross.international\/formacion-continuada-nuevas-fechas-otono-2026\/#breadcrumb","itemListElement":[{"@type":"ListItem","position":1,"name":"Portada","item":"https:\/\/ross.international\/"},{"@type":"ListItem","position":2,"name":"Formaci\u00f3n continuada R\u00d6S&#8217;S: nuevas fechas de septiembre a diciembre de 2026"}]},{"@type":"WebSite","@id":"https:\/\/ross.international\/#website","url":"https:\/\/ross.international\/","name":"R\u00d6S'S","description":"","publisher":{"@id":"https:\/\/ross.international\/#organization"},"potentialAction":[{"@type":"SearchAction","target":{"@type":"EntryPoint","urlTemplate":"https:\/\/ross.international\/?s={search_term_string}"},"query-input":{"@type":"PropertyValueSpecification","valueRequired":true,"valueName":"search_term_string"}}],"inLanguage":"en-US"},{"@type":"Organization","@id":"https:\/\/ross.international\/#organization","name":"R\u00d6S'S","alternateName":["Ross","ROSS","R\u00f6ss"],"url":"https:\/\/ross.international\/","logo":{"@type":"ImageObject","inLanguage":"en-US","@id":"https:\/\/ross.international\/#\/schema\/logo\/image\/","url":"https:\/\/ross.international\/wp-content\/uploads\/2026\/03\/ross_logo.png","contentUrl":"https:\/\/ross.international\/wp-content\/uploads\/2026\/03\/ross_logo.png","width":1200,"height":675,"caption":"R\u00d6S'S"},"image":{"@id":"https:\/\/ross.international\/#\/schema\/logo\/image\/"}},{"@type":"Person","@id":"https:\/\/ross.international\/#\/schema\/person\/96b97f76d225ca3a383173ae5a2a7b63","name":"R\u00d6SS Est\u00e9tica","image":{"@type":"ImageObject","inLanguage":"en-US","@id":"https:\/\/ross.international\/#\/schema\/person\/image\/","url":"https:\/\/secure.gravatar.com\/avatar\/c9ab3cffa31520f19ed65401b678b69c07578fa8366bba0a02bd3bbd955fca8e?s=96&d=mm&r=g","contentUrl":"https:\/\/secure.gravatar.com\/avatar\/c9ab3cffa31520f19ed65401b678b69c07578fa8366bba0a02bd3bbd955fca8e?s=96&d=mm&r=g","caption":"R\u00d6SS Est\u00e9tica"},"sameAs":["https:\/\/ross.international"]}]}},"_links":{"self":[{"href":"https:\/\/ross.international\/en\/wp-json\/wp\/v2\/posts\/25426","targetHints":{"allow":["GET"]}}],"collection":[{"href":"https:\/\/ross.international\/en\/wp-json\/wp\/v2\/posts"}],"about":[{"href":"https:\/\/ross.international\/en\/wp-json\/wp\/v2\/types\/post"}],"author":[{"embeddable":true,"href":"https:\/\/ross.international\/en\/wp-json\/wp\/v2\/users\/2"}],"replies":[{"embeddable":true,"href":"https:\/\/ross.international\/en\/wp-json\/wp\/v2\/comments?post=25426"}],"version-history":[{"count":3,"href":"https:\/\/ross.international\/en\/wp-json\/wp\/v2\/posts\/25426\/revisions"}],"predecessor-version":[{"id":25448,"href":"https:\/\/ross.international\/en\/wp-json\/wp\/v2\/posts\/25426\/revisions\/25448"}],"wp:featuredmedia":[{"embeddable":true,"href":"https:\/\/ross.international\/en\/wp-json\/wp\/v2\/media\/25441"}],"wp:attachment":[{"href":"https:\/\/ross.international\/en\/wp-json\/wp\/v2\/media?parent=25426"}],"wp:term":[{"taxonomy":"category","embeddable":true,"href":"https:\/\/ross.international\/en\/wp-json\/wp\/v2\/categories?post=25426"},{"taxonomy":"post_tag","embeddable":true,"href":"https:\/\/ross.international\/en\/wp-json\/wp\/v2\/tags?post=25426"}],"curies":[{"name":"wp","href":"https:\/\/api.w.org\/{rel}","templated":true}]}}