{"id":25381,"date":"2026-08-14T09:45:00","date_gmt":"2026-08-14T07:45:00","guid":{"rendered":"https:\/\/ross.international\/diatermia-facial-en-cabina\/"},"modified":"2026-09-05T11:32:22","modified_gmt":"2026-09-05T09:32:22","slug":"diatermia-facial-en-cabina","status":"publish","type":"post","link":"https:\/\/ross.international\/en\/facial-diathermy-in-a-cabin\/","title":{"rendered":"Facial diathermy in the treatment room: what it is and what it adds to your treatments"},"content":{"rendered":"<p>Diathermy has established itself as one of the most versatile technologies for facial treatments in the clinic. We&#039;ll tell you exactly what it is, how it works on the tissues, how a session is structured, and what it brings to the facial protocols of a professional center.<\/p>\n<h2>What is facial diathermy?<\/h2>\n<p>The <strong>facial diathermy<\/strong> It is the application of <a href=\"\/en\/what-is-448-khz-radiofrequency-diathermy-and-what-is-it-used-for\/\">448 kHz radio frequency<\/a> on the face, neck, and d\u00e9colletage. Instead of applying heat from the outside, the current mobilizes the charges within the tissue itself and generates <strong>endogenous heat<\/strong>That is, heat produced from within in a controlled manner.<\/p>\n<p>That is the feature that distinguishes it: the professional works the temperature of the fabric with precision, without external aggression and with a very comfortable sensation for the client.<\/p>\n<h2>Why frequency matters<\/h2>\n<p>Not all radio frequencies behave the same. The one from <strong>448 kHz<\/strong> It has become a benchmark because it offers a very favorable balance between the depth it penetrates and the control it allows over the temperature. Translated to in-salon work: it allows for sustained and even treatment, without sudden spikes, which is precisely what a delicate area like the face needs.<\/p>\n<h2>Capacitive and resistive in facial work<\/h2>\n<p>As with other diathermy applications, facial treatment combines two modes:<\/p>\n<ul>\n<li><strong>Capacitive:<\/strong> It concentrates energy in the outermost tissues with the highest water content. It is the standard method for working on the skin and activating microcirculation.<\/li>\n<li><strong>Resistive:<\/strong> It reaches denser and deeper structures, useful in areas such as the jawline or neck.<\/li>\n<\/ul>\n<p>Alternating between both within the same session allows for the development of complete protocols instead of isolated interventions. A well-designed protocol typically begins with capacitive stimulation to prepare and activate the muscles, reserving resistive stimulation for working on areas of greater density.<\/p>\n<h2>What it brings to the cabin<\/h2>\n<p>In aesthetic terms, facial diathermy has earned its place for four reasons:<\/p>\n<ul>\n<li><strong>Comfort:<\/strong> The sensation of gradual warmth is pleasant and transforms the session into a wellness experience.<\/li>\n<li><strong>Visible results from the first session:<\/strong> The circulation activation leaves the skin looking better and more radiant at the end.<\/li>\n<li><strong>Versatility:<\/strong> It integrates with manual maneuvers, with specific cosmetics and with other technologies.<\/li>\n<li><strong>Customer loyalty:<\/strong> It fits naturally into session-based protocols, which brings recurrence to the center.<\/li>\n<\/ul>\n<h2>Facial and body diathermy: what changes<\/h2>\n<p>The technology is the same, but the handling is not. In the <strong>bodywork<\/strong> Larger areas are covered, with larger accessories and longer, more encompassing maneuvers. In the <strong>facial<\/strong> Everything is fine-tuned: smaller accessories, shorter and more precise strokes, and much finer control of intensity, because the areas are smaller and the tissue more delicate.<\/p>\n<p>A system designed for both uses allows the center to make a single investment profitable across two different service lines.<\/p>\n<h2>What is a session like step by step<\/h2>\n<p>Although each center has its own protocol, the usual structure is this:<\/p>\n<ul>\n<li><strong>Preparation:<\/strong> cleaning the area and placing the return plate, which closes the circuit.<\/li>\n<li><strong>Application of conductive cosmetics:<\/strong> essential for energy to be transmitted evenly and for gliding to be comfortable.<\/li>\n<li><strong>Capacitive work:<\/strong> gentle and continuous strokes to activate and prepare the tissue.<\/li>\n<li><strong>Resistive work:<\/strong> depending on the objective of the session and the areas to be treated.<\/li>\n<li><strong>Closing:<\/strong> Removal of the product and application of the finishing cosmetics.<\/li>\n<\/ul>\n<p>The key is to maintain constant movement and monitor the customer&#039;s thermal sensation at all times, which should always be pleasant.<\/p>\n<h2>How often does it repeat?<\/h2>\n<p>Facial diathermy works particularly well when properly formulated. <strong>by session cycles<\/strong> and not as a one-off action. The usual approach is an initial phase with more frequent sessions, followed by less frequent maintenance sessions.<\/p>\n<p>For the center, this logic is doubly interesting: the customer perceives a progression and the business gains recurrence, which is what sustains the cash flow month after month.<\/p>\n<figure class=\"wp-block-image size-large\"><img decoding=\"async\" width=\"1200\" height=\"675\" src=\"https:\/\/ross.international\/wp-content\/uploads\/2026\/08\/diatermia-detalle.jpg\" alt=\"Detail of facial skin during a facial treatment in a treatment room\" class=\"wp-image-25391\" loading=\"lazy\" srcset=\"https:\/\/ross.international\/wp-content\/uploads\/2026\/08\/diatermia-detalle.jpg 1200w, https:\/\/ross.international\/wp-content\/uploads\/2026\/08\/diatermia-detalle-300x169.jpg 300w, https:\/\/ross.international\/wp-content\/uploads\/2026\/08\/diatermia-detalle-1024x576.jpg 1024w, https:\/\/ross.international\/wp-content\/uploads\/2026\/08\/diatermia-detalle-768x432.jpg 768w, https:\/\/ross.international\/wp-content\/uploads\/2026\/08\/diatermia-detalle-18x10.jpg 18w\" sizes=\"auto, (max-width: 1200px) 100vw, 1200px\" \/><figcaption>Endogenous heat is generated within the fabric itself, providing a comfortable sensation for the client.<\/figcaption><\/figure>\n<h2>The role of conductive cosmetics<\/h2>\n<p>Diathermy requires a medium that properly transmits energy and protects the skin during gliding. That&#039;s where the... <a href=\"\/en\/cosmetics\/\">conductive cosmetics<\/a>Emulsions and gels formulated to optimize transfer and deliver active ingredients during the session. Working with the right cosmetics improves the results and extends the life of the accessories.<\/p>\n<p>It is a common mistake to try to replace it with any cream: if the medium is not conductive, the energy is not transferred homogeneously and the session loses effectiveness and comfort.<\/p>\n<h2>Frequently Asked Questions<\/h2>\n<p><strong>Is it uncomfortable?<\/strong> On the contrary: it&#039;s one of the techniques most highly rated by clients precisely because of its comfort. The sensation is one of gradual and pleasant warmth, which the professional regulates at all times.<\/p>\n<p><strong>Is there any noticeable difference after the first session?<\/strong> Usually, yes, in the form of improved skin appearance and radiance due to increased circulation. The underlying effects, however, are built up over a series of sessions.<\/p>\n<p><strong>Can it be combined with manual maneuvers?<\/strong> Yes, and that&#039;s recommended. Diathermy enhances manual therapy, and many protocols alternate between both within the same session.<\/p>\n<p><strong>Does the same device work for face and body?<\/strong> Yes, provided you have the appropriate accessories for each area and sufficiently fine intensity regulation for facial work.<\/p>\n<h2>What to consider when choosing a team<\/h2>\n<p>If you&#039;re considering incorporating facial diathermy, these are the points that truly make a difference in your daily life:<\/p>\n<ul>\n<li><strong>Fine intensity control:<\/strong> Facial work demands much more precision than body work. Equipment with abrupt power jumps limits what you can do in delicate areas.<\/li>\n<li><strong>Specific accessories for the face:<\/strong> size and shape adapted to the mandibular contour, the neck and the periocular area.<\/li>\n<li><strong>Capacitive and resistive:<\/strong> Having both modes available multiplies the protocols you can offer.<\/li>\n<li><strong>Reliability and technical service:<\/strong> A cockpit team works long hours. The availability of spare parts and support is just as important as performance.<\/li>\n<li><strong>Training included:<\/strong> Technology without a protocol is ineffective. Make sure the manufacturer trains your team.<\/li>\n<\/ul>\n<h2>R\u00d6S&#039;S equipment for facial work<\/h2>\n<p>The <a href=\"\/en\/products\/aesthetic-medicine\/thermobeauty\/\">Termobeauty<\/a> This is our 448 kHz radiofrequency device for facial and body treatments. For centers looking to combine technologies in a single session, the <a href=\"\/en\/products\/esthetics\/binary-premium\/\">Binary Premium<\/a> It combines diathermy and electrostimulation in the same device.<\/p>\n<p>If you want to incorporate facial diathermy into your protocols, our team will advise you on the most suitable technology and training for your center.<\/p>\n<p class=\"related-reading\"><strong>You might be interested in:<\/strong> <a href=\"\/en\/compressive-body-contouring-massage\/\">Compressive massage: how to work on body contouring in a treatment room<\/a>.<\/p>\n<p class=\"related-reading\"><strong>You might be interested in:<\/strong> <a href=\"https:\/\/ross.international\/en\/continuing-education-new-dates-autumn-2026\/\">R\u00d6S&#039;S Continuing Education: New Autumn Dates<\/a>.<\/p>","protected":false},"excerpt":{"rendered":"<p>La diatermia se ha consolidado como una de las tecnolog\u00edas m\u00e1s vers\u00e1tiles del trabajo facial en cabina. Te contamos qu\u00e9 es exactamente, c\u00f3mo act\u00faa sobre los tejidos, c\u00f3mo se estructura una sesi\u00f3n y qu\u00e9 aporta a los protocolos faciales de un centro profesional. Qu\u00e9 es la diatermia facial La diatermia facial es la aplicaci\u00f3n de [&hellip;]<\/p>","protected":false},"author":2,"featured_media":25388,"comment_status":"closed","ping_status":"closed","sticky":false,"template":"","format":"standard","meta":{"_acf_changed":false,"footnotes":""},"categories":[397],"tags":[],"class_list":["post-25381","post","type-post","status-publish","format-standard","has-post-thumbnail","hentry","category-tratamientos-y-protocolos"],"acf":[],"yoast_head":"<!-- This site is optimized with the Yoast SEO Premium plugin v22.6 (Yoast SEO v25.3.1) - https:\/\/yoast.com\/wordpress\/plugins\/seo\/ -->\n<title>Diatermia facial: qu\u00e9 es y qu\u00e9 aporta en cabina | R\u00d6SS<\/title>\n<meta name=\"description\" content=\"Qu\u00e9 es la diatermia facial por radiofrecuencia 448 kHz y qu\u00e9 aporta a los protocolos de cabina: confort, luminosidad y versatilidad para el profesional.\" \/>\n<meta name=\"robots\" content=\"index, follow, max-snippet:-1, max-image-preview:large, max-video-preview:-1\" \/>\n<link rel=\"canonical\" href=\"https:\/\/ross.international\/en\/facial-diathermy-in-a-cabin\/\" \/>\n<meta property=\"og:locale\" content=\"en_US\" \/>\n<meta property=\"og:type\" content=\"article\" \/>\n<meta property=\"og:title\" content=\"Diatermia facial en cabina: qu\u00e9 es y qu\u00e9 aporta a tus tratamientos\" \/>\n<meta property=\"og:description\" content=\"Qu\u00e9 es la diatermia facial por radiofrecuencia 448 kHz y qu\u00e9 aporta a los protocolos de cabina: confort, luminosidad y versatilidad para el profesional.\" \/>\n<meta property=\"og:url\" content=\"https:\/\/ross.international\/en\/facial-diathermy-in-a-cabin\/\" \/>\n<meta property=\"og:site_name\" content=\"R\u00d6S&#039;S\" \/>\n<meta property=\"article:published_time\" content=\"2026-08-14T07:45:00+00:00\" \/>\n<meta property=\"article:modified_time\" content=\"2026-09-05T09:32:22+00:00\" \/>\n<meta property=\"og:image\" content=\"https:\/\/ross.international\/wp-content\/uploads\/2026\/08\/diatermia-destacada.jpg\" \/>\n\t<meta property=\"og:image:width\" content=\"1200\" \/>\n\t<meta property=\"og:image:height\" content=\"675\" \/>\n\t<meta property=\"og:image:type\" content=\"image\/jpeg\" \/>\n<meta name=\"author\" content=\"R\u00d6SS Est\u00e9tica\" \/>\n<meta name=\"twitter:card\" content=\"summary_large_image\" \/>\n<meta name=\"twitter:label1\" content=\"Written by\" \/>\n\t<meta name=\"twitter:data1\" content=\"R\u00d6SS Est\u00e9tica\" \/>\n\t<meta name=\"twitter:label2\" content=\"Est. reading time\" \/>\n\t<meta name=\"twitter:data2\" content=\"6 minutes\" \/>\n<script type=\"application\/ld+json\" class=\"yoast-schema-graph\">{\"@context\":\"https:\/\/schema.org\",\"@graph\":[{\"@type\":\"Article\",\"@id\":\"https:\/\/ross.international\/diatermia-facial-en-cabina\/#article\",\"isPartOf\":{\"@id\":\"https:\/\/ross.international\/diatermia-facial-en-cabina\/\"},\"author\":{\"name\":\"R\u00d6SS Est\u00e9tica\",\"@id\":\"https:\/\/ross.international\/#\/schema\/person\/96b97f76d225ca3a383173ae5a2a7b63\"},\"headline\":\"Diatermia facial en cabina: qu\u00e9 es y qu\u00e9 aporta a tus tratamientos\",\"datePublished\":\"2026-08-14T07:45:00+00:00\",\"dateModified\":\"2026-09-05T09:32:22+00:00\",\"mainEntityOfPage\":{\"@id\":\"https:\/\/ross.international\/diatermia-facial-en-cabina\/\"},\"wordCount\":1212,\"publisher\":{\"@id\":\"https:\/\/ross.international\/#organization\"},\"image\":{\"@id\":\"https:\/\/ross.international\/diatermia-facial-en-cabina\/#primaryimage\"},\"thumbnailUrl\":\"https:\/\/ross.international\/wp-content\/uploads\/2026\/08\/diatermia-destacada.jpg\",\"articleSection\":[\"Tratamientos y protocolos\"],\"inLanguage\":\"en-US\"},{\"@type\":\"WebPage\",\"@id\":\"https:\/\/ross.international\/diatermia-facial-en-cabina\/\",\"url\":\"https:\/\/ross.international\/diatermia-facial-en-cabina\/\",\"name\":\"Diatermia facial: qu\u00e9 es y qu\u00e9 aporta en cabina | R\u00d6SS\",\"isPartOf\":{\"@id\":\"https:\/\/ross.international\/#website\"},\"primaryImageOfPage\":{\"@id\":\"https:\/\/ross.international\/diatermia-facial-en-cabina\/#primaryimage\"},\"image\":{\"@id\":\"https:\/\/ross.international\/diatermia-facial-en-cabina\/#primaryimage\"},\"thumbnailUrl\":\"https:\/\/ross.international\/wp-content\/uploads\/2026\/08\/diatermia-destacada.jpg\",\"datePublished\":\"2026-08-14T07:45:00+00:00\",\"dateModified\":\"2026-09-05T09:32:22+00:00\",\"description\":\"Qu\u00e9 es la diatermia facial por radiofrecuencia 448 kHz y qu\u00e9 aporta a los protocolos de cabina: confort, luminosidad y versatilidad para el profesional.\",\"breadcrumb\":{\"@id\":\"https:\/\/ross.international\/diatermia-facial-en-cabina\/#breadcrumb\"},\"inLanguage\":\"en-US\",\"potentialAction\":[{\"@type\":\"ReadAction\",\"target\":[\"https:\/\/ross.international\/diatermia-facial-en-cabina\/\"]}]},{\"@type\":\"ImageObject\",\"inLanguage\":\"en-US\",\"@id\":\"https:\/\/ross.international\/diatermia-facial-en-cabina\/#primaryimage\",\"url\":\"https:\/\/ross.international\/wp-content\/uploads\/2026\/08\/diatermia-destacada.jpg\",\"contentUrl\":\"https:\/\/ross.international\/wp-content\/uploads\/2026\/08\/diatermia-destacada.jpg\",\"width\":1200,\"height\":675,\"caption\":\"Profesional realizando un tratamiento facial en cabina de est\u00e9tica\"},{\"@type\":\"BreadcrumbList\",\"@id\":\"https:\/\/ross.international\/diatermia-facial-en-cabina\/#breadcrumb\",\"itemListElement\":[{\"@type\":\"ListItem\",\"position\":1,\"name\":\"Portada\",\"item\":\"https:\/\/ross.international\/\"},{\"@type\":\"ListItem\",\"position\":2,\"name\":\"Diatermia facial en cabina: qu\u00e9 es y qu\u00e9 aporta a tus tratamientos\"}]},{\"@type\":\"WebSite\",\"@id\":\"https:\/\/ross.international\/#website\",\"url\":\"https:\/\/ross.international\/\",\"name\":\"R\u00d6S'S\",\"description\":\"\",\"publisher\":{\"@id\":\"https:\/\/ross.international\/#organization\"},\"potentialAction\":[{\"@type\":\"SearchAction\",\"target\":{\"@type\":\"EntryPoint\",\"urlTemplate\":\"https:\/\/ross.international\/?s={search_term_string}\"},\"query-input\":{\"@type\":\"PropertyValueSpecification\",\"valueRequired\":true,\"valueName\":\"search_term_string\"}}],\"inLanguage\":\"en-US\"},{\"@type\":\"Organization\",\"@id\":\"https:\/\/ross.international\/#organization\",\"name\":\"R\u00d6S'S\",\"alternateName\":[\"Ross\",\"ROSS\",\"R\u00f6ss\"],\"url\":\"https:\/\/ross.international\/\",\"logo\":{\"@type\":\"ImageObject\",\"inLanguage\":\"en-US\",\"@id\":\"https:\/\/ross.international\/#\/schema\/logo\/image\/\",\"url\":\"https:\/\/ross.international\/wp-content\/uploads\/2026\/03\/ross_logo.png\",\"contentUrl\":\"https:\/\/ross.international\/wp-content\/uploads\/2026\/03\/ross_logo.png\",\"width\":1200,\"height\":675,\"caption\":\"R\u00d6S'S\"},\"image\":{\"@id\":\"https:\/\/ross.international\/#\/schema\/logo\/image\/\"}},{\"@type\":\"Person\",\"@id\":\"https:\/\/ross.international\/#\/schema\/person\/96b97f76d225ca3a383173ae5a2a7b63\",\"name\":\"R\u00d6SS Est\u00e9tica\",\"image\":{\"@type\":\"ImageObject\",\"inLanguage\":\"en-US\",\"@id\":\"https:\/\/ross.international\/#\/schema\/person\/image\/\",\"url\":\"https:\/\/secure.gravatar.com\/avatar\/c9ab3cffa31520f19ed65401b678b69c07578fa8366bba0a02bd3bbd955fca8e?s=96&d=mm&r=g\",\"contentUrl\":\"https:\/\/secure.gravatar.com\/avatar\/c9ab3cffa31520f19ed65401b678b69c07578fa8366bba0a02bd3bbd955fca8e?s=96&d=mm&r=g\",\"caption\":\"R\u00d6SS Est\u00e9tica\"},\"sameAs\":[\"https:\/\/ross.international\"]}]}<\/script>\n<!-- \/ Yoast SEO Premium plugin. -->","yoast_head_json":{"title":"Diatermia facial: qu\u00e9 es y qu\u00e9 aporta en cabina | R\u00d6SS","description":"Qu\u00e9 es la diatermia facial por radiofrecuencia 448 kHz y qu\u00e9 aporta a los protocolos de cabina: confort, luminosidad y versatilidad para el profesional.","robots":{"index":"index","follow":"follow","max-snippet":"max-snippet:-1","max-image-preview":"max-image-preview:large","max-video-preview":"max-video-preview:-1"},"canonical":"https:\/\/ross.international\/en\/facial-diathermy-in-a-cabin\/","og_locale":"en_US","og_type":"article","og_title":"Diatermia facial en cabina: qu\u00e9 es y qu\u00e9 aporta a tus tratamientos","og_description":"Qu\u00e9 es la diatermia facial por radiofrecuencia 448 kHz y qu\u00e9 aporta a los protocolos de cabina: confort, luminosidad y versatilidad para el profesional.","og_url":"https:\/\/ross.international\/en\/facial-diathermy-in-a-cabin\/","og_site_name":"R\u00d6S&#039;S","article_published_time":"2026-08-14T07:45:00+00:00","article_modified_time":"2026-09-05T09:32:22+00:00","og_image":[{"width":1200,"height":675,"url":"https:\/\/ross.international\/wp-content\/uploads\/2026\/08\/diatermia-destacada.jpg","type":"image\/jpeg"}],"author":"R\u00d6SS Est\u00e9tica","twitter_card":"summary_large_image","twitter_misc":{"Written by":"R\u00d6SS Est\u00e9tica","Est. reading time":"6 minutes"},"schema":{"@context":"https:\/\/schema.org","@graph":[{"@type":"Article","@id":"https:\/\/ross.international\/diatermia-facial-en-cabina\/#article","isPartOf":{"@id":"https:\/\/ross.international\/diatermia-facial-en-cabina\/"},"author":{"name":"R\u00d6SS Est\u00e9tica","@id":"https:\/\/ross.international\/#\/schema\/person\/96b97f76d225ca3a383173ae5a2a7b63"},"headline":"Diatermia facial en cabina: qu\u00e9 es y qu\u00e9 aporta a tus tratamientos","datePublished":"2026-08-14T07:45:00+00:00","dateModified":"2026-09-05T09:32:22+00:00","mainEntityOfPage":{"@id":"https:\/\/ross.international\/diatermia-facial-en-cabina\/"},"wordCount":1212,"publisher":{"@id":"https:\/\/ross.international\/#organization"},"image":{"@id":"https:\/\/ross.international\/diatermia-facial-en-cabina\/#primaryimage"},"thumbnailUrl":"https:\/\/ross.international\/wp-content\/uploads\/2026\/08\/diatermia-destacada.jpg","articleSection":["Tratamientos y protocolos"],"inLanguage":"en-US"},{"@type":"WebPage","@id":"https:\/\/ross.international\/diatermia-facial-en-cabina\/","url":"https:\/\/ross.international\/diatermia-facial-en-cabina\/","name":"Diatermia facial: qu\u00e9 es y qu\u00e9 aporta en cabina | R\u00d6SS","isPartOf":{"@id":"https:\/\/ross.international\/#website"},"primaryImageOfPage":{"@id":"https:\/\/ross.international\/diatermia-facial-en-cabina\/#primaryimage"},"image":{"@id":"https:\/\/ross.international\/diatermia-facial-en-cabina\/#primaryimage"},"thumbnailUrl":"https:\/\/ross.international\/wp-content\/uploads\/2026\/08\/diatermia-destacada.jpg","datePublished":"2026-08-14T07:45:00+00:00","dateModified":"2026-09-05T09:32:22+00:00","description":"Qu\u00e9 es la diatermia facial por radiofrecuencia 448 kHz y qu\u00e9 aporta a los protocolos de cabina: confort, luminosidad y versatilidad para el profesional.","breadcrumb":{"@id":"https:\/\/ross.international\/diatermia-facial-en-cabina\/#breadcrumb"},"inLanguage":"en-US","potentialAction":[{"@type":"ReadAction","target":["https:\/\/ross.international\/diatermia-facial-en-cabina\/"]}]},{"@type":"ImageObject","inLanguage":"en-US","@id":"https:\/\/ross.international\/diatermia-facial-en-cabina\/#primaryimage","url":"https:\/\/ross.international\/wp-content\/uploads\/2026\/08\/diatermia-destacada.jpg","contentUrl":"https:\/\/ross.international\/wp-content\/uploads\/2026\/08\/diatermia-destacada.jpg","width":1200,"height":675,"caption":"Profesional realizando un tratamiento facial en cabina de est\u00e9tica"},{"@type":"BreadcrumbList","@id":"https:\/\/ross.international\/diatermia-facial-en-cabina\/#breadcrumb","itemListElement":[{"@type":"ListItem","position":1,"name":"Portada","item":"https:\/\/ross.international\/"},{"@type":"ListItem","position":2,"name":"Diatermia facial en cabina: qu\u00e9 es y qu\u00e9 aporta a tus tratamientos"}]},{"@type":"WebSite","@id":"https:\/\/ross.international\/#website","url":"https:\/\/ross.international\/","name":"R\u00d6S'S","description":"","publisher":{"@id":"https:\/\/ross.international\/#organization"},"potentialAction":[{"@type":"SearchAction","target":{"@type":"EntryPoint","urlTemplate":"https:\/\/ross.international\/?s={search_term_string}"},"query-input":{"@type":"PropertyValueSpecification","valueRequired":true,"valueName":"search_term_string"}}],"inLanguage":"en-US"},{"@type":"Organization","@id":"https:\/\/ross.international\/#organization","name":"R\u00d6S'S","alternateName":["Ross","ROSS","R\u00f6ss"],"url":"https:\/\/ross.international\/","logo":{"@type":"ImageObject","inLanguage":"en-US","@id":"https:\/\/ross.international\/#\/schema\/logo\/image\/","url":"https:\/\/ross.international\/wp-content\/uploads\/2026\/03\/ross_logo.png","contentUrl":"https:\/\/ross.international\/wp-content\/uploads\/2026\/03\/ross_logo.png","width":1200,"height":675,"caption":"R\u00d6S'S"},"image":{"@id":"https:\/\/ross.international\/#\/schema\/logo\/image\/"}},{"@type":"Person","@id":"https:\/\/ross.international\/#\/schema\/person\/96b97f76d225ca3a383173ae5a2a7b63","name":"R\u00d6SS Est\u00e9tica","image":{"@type":"ImageObject","inLanguage":"en-US","@id":"https:\/\/ross.international\/#\/schema\/person\/image\/","url":"https:\/\/secure.gravatar.com\/avatar\/c9ab3cffa31520f19ed65401b678b69c07578fa8366bba0a02bd3bbd955fca8e?s=96&d=mm&r=g","contentUrl":"https:\/\/secure.gravatar.com\/avatar\/c9ab3cffa31520f19ed65401b678b69c07578fa8366bba0a02bd3bbd955fca8e?s=96&d=mm&r=g","caption":"R\u00d6SS Est\u00e9tica"},"sameAs":["https:\/\/ross.international"]}]}},"_links":{"self":[{"href":"https:\/\/ross.international\/en\/wp-json\/wp\/v2\/posts\/25381","targetHints":{"allow":["GET"]}}],"collection":[{"href":"https:\/\/ross.international\/en\/wp-json\/wp\/v2\/posts"}],"about":[{"href":"https:\/\/ross.international\/en\/wp-json\/wp\/v2\/types\/post"}],"author":[{"embeddable":true,"href":"https:\/\/ross.international\/en\/wp-json\/wp\/v2\/users\/2"}],"replies":[{"embeddable":true,"href":"https:\/\/ross.international\/en\/wp-json\/wp\/v2\/comments?post=25381"}],"version-history":[{"count":4,"href":"https:\/\/ross.international\/en\/wp-json\/wp\/v2\/posts\/25381\/revisions"}],"predecessor-version":[{"id":25443,"href":"https:\/\/ross.international\/en\/wp-json\/wp\/v2\/posts\/25381\/revisions\/25443"}],"wp:featuredmedia":[{"embeddable":true,"href":"https:\/\/ross.international\/en\/wp-json\/wp\/v2\/media\/25388"}],"wp:attachment":[{"href":"https:\/\/ross.international\/en\/wp-json\/wp\/v2\/media?parent=25381"}],"wp:term":[{"taxonomy":"category","embeddable":true,"href":"https:\/\/ross.international\/en\/wp-json\/wp\/v2\/categories?post=25381"},{"taxonomy":"post_tag","embeddable":true,"href":"https:\/\/ross.international\/en\/wp-json\/wp\/v2\/tags?post=25381"}],"curies":[{"name":"wp","href":"https:\/\/api.w.org\/{rel}","templated":true}]}}