{"id":25121,"date":"2026-04-23T17:37:04","date_gmt":"2026-04-23T17:37:04","guid":{"rendered":"https:\/\/ross.international\/?p=25121"},"modified":"2026-04-26T17:43:53","modified_gmt":"2026-04-26T17:43:53","slug":"professional-beauty-salon-international-barcelona-2026-tres-dias-para-reinventar-tu-centro-de-estetica","status":"publish","type":"post","link":"https:\/\/ross.international\/en\/professional-beauty-salon-international-barcelona-2026-tres-dias-para-reinventar-tu-centro-de-estetica\/","title":{"rendered":"Professional Beauty: Salon International Barcelona 2026: tres d\u00edas para reinventar tu centro de est\u00e9tica"},"content":{"rendered":"<p>\u00bfCu\u00e1ndo fue la \u00faltima vez que dedicaste tres d\u00edas seguidos a actualizarte, conectar con los referentes de tu sector y probar, con tus propias manos, la tecnolog\u00eda que va a marcar la diferencia en tu centro? Si la respuesta no te convence del todo, ya tienes plan: marca en rojo los d\u00edas <strong>25, 26 y 27 de abril<\/strong>, porque Barcelona se convierte durante esa semana en el epicentro mundial de la belleza profesional.<\/p>\n\n\n\n<p><strong>Professional Beauty: Salon International Barcelona 2026<\/strong> aterriza en Fira Barcelona Gran V\u00eda con la edici\u00f3n m\u00e1s ambiciosa hasta la fecha. Y desde R\u00d6S&#8217;S, como referentes en el desarrollo de equipos profesionales para est\u00e9tica avanzada, no pod\u00edamos faltar. Te esperamos en el <strong>stand D115<\/strong> con todas las novedades en tecnolog\u00eda, formaci\u00f3n y soluciones para tu centro.<\/p>\n\n\n\n<p>Si eres profesional de la est\u00e9tica, la medicina est\u00e9tica o el wellness, este art\u00edculo te interesa: te contamos qu\u00e9 vas a encontrar, por qu\u00e9 merece la pena reservar los tres d\u00edas y c\u00f3mo aprovechar al m\u00e1ximo tu visita a Fira Barcelona.<\/p>\n\n\n\n<h2 class=\"wp-block-heading\" id=\"h-que-es-professional-beauty-salon-international-barcelona-2026\">Qu\u00e9 es Professional Beauty: Salon International Barcelona 2026<\/h2>\n\n\n\n<p>Professional Beauty: Salon International es la feria internacional de referencia para el sector de la est\u00e9tica, la peluquer\u00eda, la medicina est\u00e9tica y el bienestar en el sur de Europa. Esta edici\u00f3n de 2026 consolida un formato que ha crecido de forma sostenida y que ya re\u00fane, en un solo espacio, a la pr\u00e1ctica totalidad de fabricantes, distribuidores, escuelas y profesionales del sector.<\/p>\n\n\n\n<p>Los datos hablan por s\u00ed solos:<\/p>\n\n\n\n<ul class=\"wp-block-list\">\n<li><strong>M\u00e1s de 300 marcas expositoras<\/strong> con las \u00faltimas novedades en tecnolog\u00eda, cosm\u00e9tica y equipamiento profesional.<\/li>\n\n\n\n<li><strong>M\u00e1s de 60 horas de formaci\u00f3n<\/strong> impartidas por ponentes y formadores de referencia nacional e internacional.<\/li>\n\n\n\n<li><strong>Escenarios tem\u00e1ticos<\/strong> dedicados a est\u00e9tica avanzada, medicina est\u00e9tica, wellness, digitalizaci\u00f3n y gesti\u00f3n de negocio.<\/li>\n\n\n\n<li>The <strong>segunda edici\u00f3n de la World Spa &amp; Wellness Convention<\/strong>, una de las citas m\u00e1s importantes del sector wellness a nivel mundial.<\/li>\n\n\n\n<li>The <strong>primera edici\u00f3n de los Premios Professional Beauty: Salon International<\/strong>, que reconocer\u00e1n la excelencia en el sector.<\/li>\n<\/ul>\n\n\n\n<p>Y, sobre todo, networking real: tres d\u00edas para sentarte con distribuidores, fabricantes, propietarios de centros y especialistas que est\u00e1n moviendo el sector. Es el tipo de conversaci\u00f3n que no cabe en una llamada de 30 minutos.<\/p>\n\n\n\n<h2 class=\"wp-block-heading\" id=\"h-por-que-un-profesional-bien-formado-es-la-mejor-inversion-para-tu-centro\">Por qu\u00e9 un profesional bien formado es la mejor inversi\u00f3n para tu centro<\/h2>\n\n\n\n<p>En R\u00d6S&#8217;S llevamos a\u00f1os defendiendo una idea sencilla: <strong>un profesional bien formado e informado es el mejor embajador de la tecnolog\u00eda que trabaja<\/strong>. Da igual lo avanzado que sea un equipo de radiofrecuencia, de diatermia o de presoterapia: si quien lo opera no domina los protocolos, no entiende los par\u00e1metros y no sabe explicar los resultados al cliente, su rendimiento real cae en picado.<\/p>\n\n\n\n<p>Por eso eventos como este nos importan. No son solo una vitrina comercial. Son tres d\u00edas concentrados de formaci\u00f3n, prueba de tecnolog\u00eda, intercambio con colegas y exposici\u00f3n a tendencias que, de otra forma, tardar\u00edas meses en mapear. Volver de Professional Beauty con dos o tres ideas claras y aplicables vale, f\u00e1cilmente, lo que cuesta el desplazamiento y los d\u00edas fuera del centro.<\/p>\n\n\n\n<h2 class=\"wp-block-heading\" id=\"h-que-vas-a-encontrar-en-el-stand-d115-de-ros-s\">Qu\u00e9 vas a encontrar en el stand D115 de R\u00d6S&#8217;S<\/h2>\n\n\n\n<p>En nuestro espacio en Fira Barcelona Gran V\u00eda vas a poder:<\/p>\n\n\n\n<ul class=\"wp-block-list\">\n<li><strong>Ver en funcionamiento nuestra gama de equipos<\/strong> para est\u00e9tica avanzada y corporal: radiofrecuencia, diatermia capacitiva-resistiva, presoterapia, electroestimulaci\u00f3n y soluciones combinadas para protocolos integrales.<\/li>\n\n\n\n<li><strong>Hablar directamente con nuestro equipo t\u00e9cnico y comercial<\/strong>, que podr\u00e1 resolver dudas concretas sobre integraci\u00f3n en tu centro, retorno de inversi\u00f3n, formaci\u00f3n post-venta y servicio t\u00e9cnico.<\/li>\n\n\n\n<li><strong>Conocer las novedades<\/strong> que vamos a presentar esta temporada y que est\u00e1n pensadas para responder a la demanda real de los profesionales: tratamientos visibles, c\u00f3modos para el cliente, eficientes en tiempo de cabina y sostenibles en consumo.<\/li>\n\n\n\n<li><strong>Probar t\u00fa mismo la tecnolog\u00eda.<\/strong> Es la mejor manera de entender qu\u00e9 la diferencia. La sensaci\u00f3n en piel, la curva de calentamiento, la facilidad de manejo, la respuesta del software: todo eso solo se aprecia en directo.<\/li>\n<\/ul>\n\n\n\n<p>Y, sobre todo, una conversaci\u00f3n tranquila. Sabemos que decidir incorporar un equipo nuevo a tu centro no es trivial. Por eso queremos que el stand sea un espacio para hablar con calma, sin compromiso, de lo que realmente necesitas.<\/p>\n\n\n\n<h2 class=\"wp-block-heading\" id=\"h-informacion-practica\">Informaci\u00f3n pr\u00e1ctica<\/h2>\n\n\n\n<ul class=\"wp-block-list\">\n<li><strong>Evento:<\/strong> Professional Beauty: Salon International Barcelona 2026<\/li>\n\n\n\n<li><strong>D\u00f3nde:<\/strong> Fira Barcelona Gran V\u00eda, L&#8217;Hospitalet de Llobregat<\/li>\n\n\n\n<li><strong>Cu\u00e1ndo:<\/strong> 25, 26 y 27 de abril de 2026<\/li>\n\n\n\n<li><strong>Stand R\u00d6S&#8217;S:<\/strong> D115<\/li>\n\n\n\n<li><strong>Web oficial del evento:<\/strong> <a href=\"https:\/\/professionalbeauty.es\/\">professionalbeauty.es<\/a><\/li>\n<\/ul>\n\n\n\n<h2 class=\"wp-block-heading\" id=\"h-te-esperamos-en-el-stand-d115\">Te esperamos en el stand D115<\/h2>\n\n\n\n<p>Si vas a estar en Fira Barcelona la pr\u00f3xima semana, queremos verte en nuestro stand. Y si todav\u00eda est\u00e1s decidiendo si reservar el viaje, esta es la se\u00f1al: tres d\u00edas bien aprovechados pueden cambiar el rumbo de tu centro durante toda la temporada.<\/p>\n\n\n\n<p>En R\u00d6S&#8217;S llevamos d\u00e9cadas acompa\u00f1ando a centros de est\u00e9tica, cl\u00ednicas de medicina est\u00e9tica y espacios wellness en su crecimiento, con tecnolog\u00eda desarrollada en Espa\u00f1a y un servicio t\u00e9cnico y formativo que entiende c\u00f3mo se trabaja en cabina. Professional Beauty Barcelona 2026 es la oportunidad perfecta para conocernos en persona, ver la tecnolog\u00eda en directo y empezar una conversaci\u00f3n que puede marcar la diferencia en tu pr\u00f3xima inversi\u00f3n.<\/p>\n\n\n\n<p><strong>\u00bfQuieres que reservemos un hueco para ti en el stand y prepararemos una demo a medida de las necesidades de tu centro?<\/strong> <a href=\"https:\/\/ross.international\/en\/contact\/\">Contacta con nuestro equipo comercial<\/a> y te organizamos una visita personalizada durante los d\u00edas del evento.<\/p>\n\n\n\n<p>Nos vemos en Barcelona.<\/p>","protected":false},"excerpt":{"rendered":"<p>\u00bfCu\u00e1ndo fue la \u00faltima vez que dedicaste tres d\u00edas seguidos a actualizarte, conectar con los referentes de tu sector y probar, con tus propias manos, la tecnolog\u00eda que va a marcar la diferencia en tu centro? Si la respuesta no te convence del todo, ya tienes plan: marca en rojo los d\u00edas 25, 26 y [&hellip;]<\/p>","protected":false},"author":2,"featured_media":25123,"comment_status":"open","ping_status":"open","sticky":false,"template":"","format":"standard","meta":{"_acf_changed":false,"footnotes":""},"categories":[396,1],"tags":[],"class_list":["post-25121","post","type-post","status-publish","format-standard","has-post-thumbnail","hentry","category-eventos-y-lanzamientos","category-ross"],"acf":[],"yoast_head":"<!-- This site is optimized with the Yoast SEO Premium plugin v22.6 (Yoast SEO v25.3.1) - https:\/\/yoast.com\/wordpress\/plugins\/seo\/ -->\n<title>Professional Beauty: Salon International Barcelona 2026: tres d\u00edas para reinventar tu centro de est\u00e9tica - R\u00d6S&#039;S<\/title>\n<meta name=\"description\" content=\"Del 25 al 27 de abril, Professional Beauty: Salon International Barcelona 2026 re\u00fane a m\u00e1s de 300 marcas en Fira Barcelona Gran V\u00eda. Descubre por qu\u00e9 este evento es imprescindible y ven a vernos al stand D115 de R\u00d6S&#039;S.\" \/>\n<meta name=\"robots\" content=\"index, follow, max-snippet:-1, max-image-preview:large, max-video-preview:-1\" \/>\n<link rel=\"canonical\" href=\"https:\/\/ross.international\/en\/professional-beauty-salon-international-barcelona-2026-tres-dias-para-reinventar-tu-centro-de-estetica\/\" \/>\n<meta property=\"og:locale\" content=\"en_US\" \/>\n<meta property=\"og:type\" content=\"article\" \/>\n<meta property=\"og:title\" content=\"Professional Beauty: Salon International Barcelona 2026: tres d\u00edas para reinventar tu centro de est\u00e9tica\" \/>\n<meta property=\"og:description\" content=\"Del 25 al 27 de abril, Professional Beauty: Salon International Barcelona 2026 re\u00fane a m\u00e1s de 300 marcas en Fira Barcelona Gran V\u00eda. Descubre por qu\u00e9 este evento es imprescindible y ven a vernos al stand D115 de R\u00d6S&#039;S.\" \/>\n<meta property=\"og:url\" content=\"https:\/\/ross.international\/en\/professional-beauty-salon-international-barcelona-2026-tres-dias-para-reinventar-tu-centro-de-estetica\/\" \/>\n<meta property=\"og:site_name\" content=\"R\u00d6S&#039;S\" \/>\n<meta property=\"article:published_time\" content=\"2026-04-23T17:37:04+00:00\" \/>\n<meta property=\"article:modified_time\" content=\"2026-04-26T17:43:53+00:00\" \/>\n<meta property=\"og:image\" content=\"https:\/\/ross.international\/wp-content\/uploads\/2026\/04\/ross_en_el_professional_beauty.webp\" \/>\n\t<meta property=\"og:image:width\" content=\"1670\" \/>\n\t<meta property=\"og:image:height\" content=\"1024\" \/>\n\t<meta property=\"og:image:type\" content=\"image\/webp\" \/>\n<meta name=\"author\" content=\"R\u00d6SS Est\u00e9tica\" \/>\n<meta name=\"twitter:card\" content=\"summary_large_image\" \/>\n<meta name=\"twitter:label1\" content=\"Written by\" \/>\n\t<meta name=\"twitter:data1\" content=\"R\u00d6SS Est\u00e9tica\" \/>\n\t<meta name=\"twitter:label2\" content=\"Est. reading time\" \/>\n\t<meta name=\"twitter:data2\" content=\"5 minutes\" \/>\n<script type=\"application\/ld+json\" class=\"yoast-schema-graph\">{\"@context\":\"https:\/\/schema.org\",\"@graph\":[{\"@type\":\"Article\",\"@id\":\"https:\/\/ross.international\/professional-beauty-salon-international-barcelona-2026-tres-dias-para-reinventar-tu-centro-de-estetica\/#article\",\"isPartOf\":{\"@id\":\"https:\/\/ross.international\/professional-beauty-salon-international-barcelona-2026-tres-dias-para-reinventar-tu-centro-de-estetica\/\"},\"author\":{\"name\":\"R\u00d6SS Est\u00e9tica\",\"@id\":\"https:\/\/ross.international\/#\/schema\/person\/96b97f76d225ca3a383173ae5a2a7b63\"},\"headline\":\"Professional Beauty: Salon International Barcelona 2026: tres d\u00edas para reinventar tu centro de est\u00e9tica\",\"datePublished\":\"2026-04-23T17:37:04+00:00\",\"dateModified\":\"2026-04-26T17:43:53+00:00\",\"mainEntityOfPage\":{\"@id\":\"https:\/\/ross.international\/professional-beauty-salon-international-barcelona-2026-tres-dias-para-reinventar-tu-centro-de-estetica\/\"},\"wordCount\":979,\"commentCount\":0,\"publisher\":{\"@id\":\"https:\/\/ross.international\/#organization\"},\"image\":{\"@id\":\"https:\/\/ross.international\/professional-beauty-salon-international-barcelona-2026-tres-dias-para-reinventar-tu-centro-de-estetica\/#primaryimage\"},\"thumbnailUrl\":\"https:\/\/ross.international\/wp-content\/uploads\/2026\/04\/ross_en_el_professional_beauty.webp\",\"articleSection\":[\"Eventos y lanzamientos\",\"R\u00d6SS\"],\"inLanguage\":\"en-US\",\"potentialAction\":[{\"@type\":\"CommentAction\",\"name\":\"Comment\",\"target\":[\"https:\/\/ross.international\/professional-beauty-salon-international-barcelona-2026-tres-dias-para-reinventar-tu-centro-de-estetica\/#respond\"]}]},{\"@type\":\"WebPage\",\"@id\":\"https:\/\/ross.international\/professional-beauty-salon-international-barcelona-2026-tres-dias-para-reinventar-tu-centro-de-estetica\/\",\"url\":\"https:\/\/ross.international\/professional-beauty-salon-international-barcelona-2026-tres-dias-para-reinventar-tu-centro-de-estetica\/\",\"name\":\"Professional Beauty: Salon International Barcelona 2026: tres d\u00edas para reinventar tu centro de est\u00e9tica - R\u00d6S&#039;S\",\"isPartOf\":{\"@id\":\"https:\/\/ross.international\/#website\"},\"primaryImageOfPage\":{\"@id\":\"https:\/\/ross.international\/professional-beauty-salon-international-barcelona-2026-tres-dias-para-reinventar-tu-centro-de-estetica\/#primaryimage\"},\"image\":{\"@id\":\"https:\/\/ross.international\/professional-beauty-salon-international-barcelona-2026-tres-dias-para-reinventar-tu-centro-de-estetica\/#primaryimage\"},\"thumbnailUrl\":\"https:\/\/ross.international\/wp-content\/uploads\/2026\/04\/ross_en_el_professional_beauty.webp\",\"datePublished\":\"2026-04-23T17:37:04+00:00\",\"dateModified\":\"2026-04-26T17:43:53+00:00\",\"description\":\"Del 25 al 27 de abril, Professional Beauty: Salon International Barcelona 2026 re\u00fane a m\u00e1s de 300 marcas en Fira Barcelona Gran V\u00eda. Descubre por qu\u00e9 este evento es imprescindible y ven a vernos al stand D115 de R\u00d6S'S.\",\"breadcrumb\":{\"@id\":\"https:\/\/ross.international\/professional-beauty-salon-international-barcelona-2026-tres-dias-para-reinventar-tu-centro-de-estetica\/#breadcrumb\"},\"inLanguage\":\"en-US\",\"potentialAction\":[{\"@type\":\"ReadAction\",\"target\":[\"https:\/\/ross.international\/professional-beauty-salon-international-barcelona-2026-tres-dias-para-reinventar-tu-centro-de-estetica\/\"]}]},{\"@type\":\"ImageObject\",\"inLanguage\":\"en-US\",\"@id\":\"https:\/\/ross.international\/professional-beauty-salon-international-barcelona-2026-tres-dias-para-reinventar-tu-centro-de-estetica\/#primaryimage\",\"url\":\"https:\/\/ross.international\/wp-content\/uploads\/2026\/04\/ross_en_el_professional_beauty.webp\",\"contentUrl\":\"https:\/\/ross.international\/wp-content\/uploads\/2026\/04\/ross_en_el_professional_beauty.webp\",\"width\":1670,\"height\":1024,\"caption\":\"Ross en el Professional Beauty\"},{\"@type\":\"BreadcrumbList\",\"@id\":\"https:\/\/ross.international\/professional-beauty-salon-international-barcelona-2026-tres-dias-para-reinventar-tu-centro-de-estetica\/#breadcrumb\",\"itemListElement\":[{\"@type\":\"ListItem\",\"position\":1,\"name\":\"Portada\",\"item\":\"https:\/\/ross.international\/\"},{\"@type\":\"ListItem\",\"position\":2,\"name\":\"Professional Beauty: Salon International Barcelona 2026: tres d\u00edas para reinventar tu centro de est\u00e9tica\"}]},{\"@type\":\"WebSite\",\"@id\":\"https:\/\/ross.international\/#website\",\"url\":\"https:\/\/ross.international\/\",\"name\":\"R\u00d6S'S\",\"description\":\"\",\"publisher\":{\"@id\":\"https:\/\/ross.international\/#organization\"},\"potentialAction\":[{\"@type\":\"SearchAction\",\"target\":{\"@type\":\"EntryPoint\",\"urlTemplate\":\"https:\/\/ross.international\/?s={search_term_string}\"},\"query-input\":{\"@type\":\"PropertyValueSpecification\",\"valueRequired\":true,\"valueName\":\"search_term_string\"}}],\"inLanguage\":\"en-US\"},{\"@type\":\"Organization\",\"@id\":\"https:\/\/ross.international\/#organization\",\"name\":\"R\u00d6S'S\",\"alternateName\":[\"Ross\",\"ROSS\",\"R\u00f6ss\"],\"url\":\"https:\/\/ross.international\/\",\"logo\":{\"@type\":\"ImageObject\",\"inLanguage\":\"en-US\",\"@id\":\"https:\/\/ross.international\/#\/schema\/logo\/image\/\",\"url\":\"https:\/\/ross.international\/wp-content\/uploads\/2026\/03\/ross_logo.png\",\"contentUrl\":\"https:\/\/ross.international\/wp-content\/uploads\/2026\/03\/ross_logo.png\",\"width\":1200,\"height\":675,\"caption\":\"R\u00d6S'S\"},\"image\":{\"@id\":\"https:\/\/ross.international\/#\/schema\/logo\/image\/\"}},{\"@type\":\"Person\",\"@id\":\"https:\/\/ross.international\/#\/schema\/person\/96b97f76d225ca3a383173ae5a2a7b63\",\"name\":\"R\u00d6SS Est\u00e9tica\",\"image\":{\"@type\":\"ImageObject\",\"inLanguage\":\"en-US\",\"@id\":\"https:\/\/ross.international\/#\/schema\/person\/image\/\",\"url\":\"https:\/\/secure.gravatar.com\/avatar\/c9ab3cffa31520f19ed65401b678b69c07578fa8366bba0a02bd3bbd955fca8e?s=96&d=mm&r=g\",\"contentUrl\":\"https:\/\/secure.gravatar.com\/avatar\/c9ab3cffa31520f19ed65401b678b69c07578fa8366bba0a02bd3bbd955fca8e?s=96&d=mm&r=g\",\"caption\":\"R\u00d6SS Est\u00e9tica\"},\"sameAs\":[\"https:\/\/ross.international\"],\"url\":\"https:\/\/ross.international\/en\/author\/ross_estetica\/\"}]}<\/script>\n<!-- \/ Yoast SEO Premium plugin. -->","yoast_head_json":{"title":"Professional Beauty: Salon International Barcelona 2026: tres d\u00edas para reinventar tu centro de est\u00e9tica - R\u00d6S&#039;S","description":"Del 25 al 27 de abril, Professional Beauty: Salon International Barcelona 2026 re\u00fane a m\u00e1s de 300 marcas en Fira Barcelona Gran V\u00eda. Descubre por qu\u00e9 este evento es imprescindible y ven a vernos al stand D115 de R\u00d6S'S.","robots":{"index":"index","follow":"follow","max-snippet":"max-snippet:-1","max-image-preview":"max-image-preview:large","max-video-preview":"max-video-preview:-1"},"canonical":"https:\/\/ross.international\/en\/professional-beauty-salon-international-barcelona-2026-tres-dias-para-reinventar-tu-centro-de-estetica\/","og_locale":"en_US","og_type":"article","og_title":"Professional Beauty: Salon International Barcelona 2026: tres d\u00edas para reinventar tu centro de est\u00e9tica","og_description":"Del 25 al 27 de abril, Professional Beauty: Salon International Barcelona 2026 re\u00fane a m\u00e1s de 300 marcas en Fira Barcelona Gran V\u00eda. Descubre por qu\u00e9 este evento es imprescindible y ven a vernos al stand D115 de R\u00d6S'S.","og_url":"https:\/\/ross.international\/en\/professional-beauty-salon-international-barcelona-2026-tres-dias-para-reinventar-tu-centro-de-estetica\/","og_site_name":"R\u00d6S&#039;S","article_published_time":"2026-04-23T17:37:04+00:00","article_modified_time":"2026-04-26T17:43:53+00:00","og_image":[{"width":1670,"height":1024,"url":"https:\/\/ross.international\/wp-content\/uploads\/2026\/04\/ross_en_el_professional_beauty.webp","type":"image\/webp"}],"author":"R\u00d6SS Est\u00e9tica","twitter_card":"summary_large_image","twitter_misc":{"Written by":"R\u00d6SS Est\u00e9tica","Est. reading time":"5 minutes"},"schema":{"@context":"https:\/\/schema.org","@graph":[{"@type":"Article","@id":"https:\/\/ross.international\/professional-beauty-salon-international-barcelona-2026-tres-dias-para-reinventar-tu-centro-de-estetica\/#article","isPartOf":{"@id":"https:\/\/ross.international\/professional-beauty-salon-international-barcelona-2026-tres-dias-para-reinventar-tu-centro-de-estetica\/"},"author":{"name":"R\u00d6SS Est\u00e9tica","@id":"https:\/\/ross.international\/#\/schema\/person\/96b97f76d225ca3a383173ae5a2a7b63"},"headline":"Professional Beauty: Salon International Barcelona 2026: tres d\u00edas para reinventar tu centro de est\u00e9tica","datePublished":"2026-04-23T17:37:04+00:00","dateModified":"2026-04-26T17:43:53+00:00","mainEntityOfPage":{"@id":"https:\/\/ross.international\/professional-beauty-salon-international-barcelona-2026-tres-dias-para-reinventar-tu-centro-de-estetica\/"},"wordCount":979,"commentCount":0,"publisher":{"@id":"https:\/\/ross.international\/#organization"},"image":{"@id":"https:\/\/ross.international\/professional-beauty-salon-international-barcelona-2026-tres-dias-para-reinventar-tu-centro-de-estetica\/#primaryimage"},"thumbnailUrl":"https:\/\/ross.international\/wp-content\/uploads\/2026\/04\/ross_en_el_professional_beauty.webp","articleSection":["Eventos y lanzamientos","R\u00d6SS"],"inLanguage":"en-US","potentialAction":[{"@type":"CommentAction","name":"Comment","target":["https:\/\/ross.international\/professional-beauty-salon-international-barcelona-2026-tres-dias-para-reinventar-tu-centro-de-estetica\/#respond"]}]},{"@type":"WebPage","@id":"https:\/\/ross.international\/professional-beauty-salon-international-barcelona-2026-tres-dias-para-reinventar-tu-centro-de-estetica\/","url":"https:\/\/ross.international\/professional-beauty-salon-international-barcelona-2026-tres-dias-para-reinventar-tu-centro-de-estetica\/","name":"Professional Beauty: Salon International Barcelona 2026: tres d\u00edas para reinventar tu centro de est\u00e9tica - R\u00d6S&#039;S","isPartOf":{"@id":"https:\/\/ross.international\/#website"},"primaryImageOfPage":{"@id":"https:\/\/ross.international\/professional-beauty-salon-international-barcelona-2026-tres-dias-para-reinventar-tu-centro-de-estetica\/#primaryimage"},"image":{"@id":"https:\/\/ross.international\/professional-beauty-salon-international-barcelona-2026-tres-dias-para-reinventar-tu-centro-de-estetica\/#primaryimage"},"thumbnailUrl":"https:\/\/ross.international\/wp-content\/uploads\/2026\/04\/ross_en_el_professional_beauty.webp","datePublished":"2026-04-23T17:37:04+00:00","dateModified":"2026-04-26T17:43:53+00:00","description":"Del 25 al 27 de abril, Professional Beauty: Salon International Barcelona 2026 re\u00fane a m\u00e1s de 300 marcas en Fira Barcelona Gran V\u00eda. Descubre por qu\u00e9 este evento es imprescindible y ven a vernos al stand D115 de R\u00d6S'S.","breadcrumb":{"@id":"https:\/\/ross.international\/professional-beauty-salon-international-barcelona-2026-tres-dias-para-reinventar-tu-centro-de-estetica\/#breadcrumb"},"inLanguage":"en-US","potentialAction":[{"@type":"ReadAction","target":["https:\/\/ross.international\/professional-beauty-salon-international-barcelona-2026-tres-dias-para-reinventar-tu-centro-de-estetica\/"]}]},{"@type":"ImageObject","inLanguage":"en-US","@id":"https:\/\/ross.international\/professional-beauty-salon-international-barcelona-2026-tres-dias-para-reinventar-tu-centro-de-estetica\/#primaryimage","url":"https:\/\/ross.international\/wp-content\/uploads\/2026\/04\/ross_en_el_professional_beauty.webp","contentUrl":"https:\/\/ross.international\/wp-content\/uploads\/2026\/04\/ross_en_el_professional_beauty.webp","width":1670,"height":1024,"caption":"Ross en el Professional Beauty"},{"@type":"BreadcrumbList","@id":"https:\/\/ross.international\/professional-beauty-salon-international-barcelona-2026-tres-dias-para-reinventar-tu-centro-de-estetica\/#breadcrumb","itemListElement":[{"@type":"ListItem","position":1,"name":"Portada","item":"https:\/\/ross.international\/"},{"@type":"ListItem","position":2,"name":"Professional Beauty: Salon International Barcelona 2026: tres d\u00edas para reinventar tu centro de est\u00e9tica"}]},{"@type":"WebSite","@id":"https:\/\/ross.international\/#website","url":"https:\/\/ross.international\/","name":"R\u00d6S'S","description":"","publisher":{"@id":"https:\/\/ross.international\/#organization"},"potentialAction":[{"@type":"SearchAction","target":{"@type":"EntryPoint","urlTemplate":"https:\/\/ross.international\/?s={search_term_string}"},"query-input":{"@type":"PropertyValueSpecification","valueRequired":true,"valueName":"search_term_string"}}],"inLanguage":"en-US"},{"@type":"Organization","@id":"https:\/\/ross.international\/#organization","name":"R\u00d6S'S","alternateName":["Ross","ROSS","R\u00f6ss"],"url":"https:\/\/ross.international\/","logo":{"@type":"ImageObject","inLanguage":"en-US","@id":"https:\/\/ross.international\/#\/schema\/logo\/image\/","url":"https:\/\/ross.international\/wp-content\/uploads\/2026\/03\/ross_logo.png","contentUrl":"https:\/\/ross.international\/wp-content\/uploads\/2026\/03\/ross_logo.png","width":1200,"height":675,"caption":"R\u00d6S'S"},"image":{"@id":"https:\/\/ross.international\/#\/schema\/logo\/image\/"}},{"@type":"Person","@id":"https:\/\/ross.international\/#\/schema\/person\/96b97f76d225ca3a383173ae5a2a7b63","name":"R\u00d6SS Est\u00e9tica","image":{"@type":"ImageObject","inLanguage":"en-US","@id":"https:\/\/ross.international\/#\/schema\/person\/image\/","url":"https:\/\/secure.gravatar.com\/avatar\/c9ab3cffa31520f19ed65401b678b69c07578fa8366bba0a02bd3bbd955fca8e?s=96&d=mm&r=g","contentUrl":"https:\/\/secure.gravatar.com\/avatar\/c9ab3cffa31520f19ed65401b678b69c07578fa8366bba0a02bd3bbd955fca8e?s=96&d=mm&r=g","caption":"R\u00d6SS Est\u00e9tica"},"sameAs":["https:\/\/ross.international"],"url":"https:\/\/ross.international\/en\/author\/ross_estetica\/"}]}},"_links":{"self":[{"href":"https:\/\/ross.international\/en\/wp-json\/wp\/v2\/posts\/25121","targetHints":{"allow":["GET"]}}],"collection":[{"href":"https:\/\/ross.international\/en\/wp-json\/wp\/v2\/posts"}],"about":[{"href":"https:\/\/ross.international\/en\/wp-json\/wp\/v2\/types\/post"}],"author":[{"embeddable":true,"href":"https:\/\/ross.international\/en\/wp-json\/wp\/v2\/users\/2"}],"replies":[{"embeddable":true,"href":"https:\/\/ross.international\/en\/wp-json\/wp\/v2\/comments?post=25121"}],"version-history":[{"count":2,"href":"https:\/\/ross.international\/en\/wp-json\/wp\/v2\/posts\/25121\/revisions"}],"predecessor-version":[{"id":25126,"href":"https:\/\/ross.international\/en\/wp-json\/wp\/v2\/posts\/25121\/revisions\/25126"}],"wp:featuredmedia":[{"embeddable":true,"href":"https:\/\/ross.international\/en\/wp-json\/wp\/v2\/media\/25123"}],"wp:attachment":[{"href":"https:\/\/ross.international\/en\/wp-json\/wp\/v2\/media?parent=25121"}],"wp:term":[{"taxonomy":"category","embeddable":true,"href":"https:\/\/ross.international\/en\/wp-json\/wp\/v2\/categories?post=25121"},{"taxonomy":"post_tag","embeddable":true,"href":"https:\/\/ross.international\/en\/wp-json\/wp\/v2\/tags?post=25121"}],"curies":[{"name":"wp","href":"https:\/\/api.w.org\/{rel}","templated":true}]}}