{"id":24723,"date":"2026-03-10T14:10:20","date_gmt":"2026-03-10T14:10:20","guid":{"rendered":"https:\/\/ross.international\/?p=24723"},"modified":"2026-03-11T08:48:43","modified_gmt":"2026-03-11T08:48:43","slug":"ross-lleva-su-tecnologia-estetica-profesional-a-la-china-international-beauty-expo","status":"publish","type":"post","link":"https:\/\/ross.international\/en\/ross-brings-its-professional-aesthetic-technology-to-the-china-international-beauty-expo\/","title":{"rendered":"R\u00d6S&#039;S brings its professional aesthetic technology to the China International Beauty Expo"},"content":{"rendered":"<p>This week, R\u00d6S&#039;S is present at the <strong>China International Beauty Expo (CIBE)<\/strong>, one of the world&#039;s leading events in the beauty and aesthetic technology sector. The 2026 edition will be held in <strong>Guangzhou, China<\/strong>, and brings together thousands of professionals, manufacturers, distributors and international brands working at the forefront of innovation applied to aesthetics, cosmetics and skin care.<\/p>\n\n\n\n<p>The meeting takes place at the <strong>China Import and Export Fair Complex<\/strong>One of Asia&#039;s largest exhibition centers, it features hundreds of exhibitors showcasing everything from state-of-the-art aesthetic equipment to advanced cosmetic solutions. For R\u00d6S&#039;S, being on such a prestigious stage represents a unique opportunity to share its vision of professional aesthetic technology with a highly qualified international audience and explore synergies with key players in the Asian market.<\/p>\n\n\n\n<h2 class=\"wp-block-heading\" id=\"h-que-es-cibe-y-por-que-es-relevante-para-el-sector\">What is CIBE and why is it relevant to the sector?<\/h2>\n\n\n\n<p>With more than <strong>30 years of history<\/strong>CIBE has established itself as one of the largest global gatherings in the beauty industry. Each edition brings together professionals from every continent to discover new technologies, learn about the latest trends, and establish business connections that drive market evolution.<\/p>\n\n\n<div class=\"wp-block-image\">\n<figure class=\"aligncenter size-large is-resized\"><img loading=\"lazy\" decoding=\"async\" width=\"1024\" height=\"630\" src=\"https:\/\/ross.international\/wp-content\/uploads\/2026\/03\/Ross_feria_CIBE-1024x630.webp\" alt=\"\" class=\"wp-image-24727\" style=\"width:520px\" srcset=\"https:\/\/ross.international\/wp-content\/uploads\/2026\/03\/Ross_feria_CIBE-1024x630.webp 1024w, https:\/\/ross.international\/wp-content\/uploads\/2026\/03\/Ross_feria_CIBE-300x185.webp 300w, https:\/\/ross.international\/wp-content\/uploads\/2026\/03\/Ross_feria_CIBE-768x472.webp 768w, https:\/\/ross.international\/wp-content\/uploads\/2026\/03\/Ross_feria_CIBE-1536x945.webp 1536w, https:\/\/ross.international\/wp-content\/uploads\/2026\/03\/Ross_feria_CIBE-18x12.webp 18w, https:\/\/ross.international\/wp-content\/uploads\/2026\/03\/Ross_feria_CIBE.webp 1678w\" sizes=\"auto, (max-width: 1024px) 100vw, 1024px\" \/><\/figure>\n<\/div>\n\n\n<p>The fair covers everything from aesthetic equipment and professional cosmetics to advanced technology devices, making it a strategic meeting point for those seeking to be at the forefront of innovation in the sector.<\/p>\n\n\n\n<h2 class=\"wp-block-heading\" id=\"h-la-apuesta-de-ros-s-por-la-presencia-internacional\">R\u00d6S&#039;S commitment to an international presence<\/h2>\n\n\n\n<p>For Ross, participating in international events like CIBE is part of his commitment to the <strong>global beauty industry<\/strong>Participating in these types of trade fairs allows you to connect with professionals and distributors from all over the world, share knowledge about the latest developments in aesthetic technology, and strengthen the brand&#039;s positioning in key international markets.<\/p>\n\n\n\n<p>Participation in CIBE reflects R\u00d6S&#039;S strategy to continue developing <strong>professional aesthetic technology focused on results<\/strong>responding to the needs of a constantly transforming sector.<\/p>\n\n\n\n<h2 class=\"wp-block-heading\" id=\"h-innovacion-y-tecnologia-estetica-con-enfoque-profesional\">Innovation and aesthetic technology with a professional approach<\/h2>\n\n\n\n<p>R\u00d6S&#039;S continues to invest in research and development of solutions that combine cutting-edge technology with practical application in beauty salons. Events like CIBE allow them to validate these proposals in an international context, receive direct feedback from industry professionals, and identify new development opportunities.<\/p>\n\n\n\n<p>The presence of <strong>R\u00d6S'S<\/strong> in the <strong>China International Beauty Expo 2026<\/strong> It reaffirms its international focus and its commitment to innovation in professional aesthetic technology. We will continue to share news and advancements. <strong>from Guangzhou<\/strong>.<\/p>\n\n\n\n<p><strong>Want to learn more about our aesthetic technology solutions?<\/strong> <a href=\"https:\/\/ross.international\/en\/contact\/\">Contact us<\/a> Or visit our website to discover how R\u00d6S&#039;S can help you take your center to the next level.<\/p>","protected":false},"excerpt":{"rendered":"<p>This week, R\u00d6S&#039;S is present at the China International Beauty Expo (CIBE), one of the world&#039;s leading events in the beauty and aesthetic technology sector. The 2026 edition is being held in Guangzhou, China, and brings together thousands of professionals, manufacturers, distributors, and international brands working in the [\u2026]<\/p>","protected":false},"author":2,"featured_media":24726,"comment_status":"open","ping_status":"open","sticky":false,"template":"","format":"standard","meta":{"_acf_changed":false,"footnotes":""},"categories":[396,1],"tags":[],"class_list":["post-24723","post","type-post","status-publish","format-standard","has-post-thumbnail","hentry","category-eventos-y-lanzamientos","category-ross"],"acf":[],"yoast_head":"<!-- This site is optimized with the Yoast SEO Premium plugin v22.6 (Yoast SEO v25.3.1) - https:\/\/yoast.com\/wordpress\/plugins\/seo\/ -->\n<title>R\u00d6S&#039;S lleva su tecnolog\u00eda est\u00e9tica profesional a la China International Beauty Expo - R\u00d6S&#039;S<\/title>\n<meta name=\"description\" content=\"R\u00d6S&#039;S participa en la China International Beauty Expo (CIBE) 2026 en Guangzhou, consolidando su compromiso con la innovaci\u00f3n en tecnolog\u00eda est\u00e9tica profesional.\" \/>\n<meta name=\"robots\" content=\"index, follow, max-snippet:-1, max-image-preview:large, max-video-preview:-1\" \/>\n<link rel=\"canonical\" href=\"https:\/\/ross.international\/en\/ross-brings-its-professional-aesthetic-technology-to-the-china-international-beauty-expo\/\" \/>\n<meta property=\"og:locale\" content=\"en_US\" \/>\n<meta property=\"og:type\" content=\"article\" \/>\n<meta property=\"og:title\" content=\"R\u00d6S&#039;S lleva su tecnolog\u00eda est\u00e9tica profesional a la China International Beauty Expo\" \/>\n<meta property=\"og:description\" content=\"R\u00d6S&#039;S participa en la China International Beauty Expo (CIBE) 2026 en Guangzhou, consolidando su compromiso con la innovaci\u00f3n en tecnolog\u00eda est\u00e9tica profesional.\" \/>\n<meta property=\"og:url\" content=\"https:\/\/ross.international\/en\/ross-brings-its-professional-aesthetic-technology-to-the-china-international-beauty-expo\/\" \/>\n<meta property=\"og:site_name\" content=\"R\u00d6S&#039;S\" \/>\n<meta property=\"article:published_time\" content=\"2026-03-10T14:10:20+00:00\" \/>\n<meta property=\"article:modified_time\" content=\"2026-03-11T08:48:43+00:00\" \/>\n<meta property=\"og:image\" content=\"https:\/\/ross.international\/wp-content\/uploads\/2026\/03\/CIBE-China-Ross.webp\" \/>\n\t<meta property=\"og:image:width\" content=\"1678\" \/>\n\t<meta property=\"og:image:height\" content=\"1032\" \/>\n\t<meta property=\"og:image:type\" content=\"image\/webp\" \/>\n<meta name=\"author\" content=\"R\u00d6SS Est\u00e9tica\" \/>\n<meta name=\"twitter:card\" content=\"summary_large_image\" \/>\n<meta name=\"twitter:label1\" content=\"Written by\" \/>\n\t<meta name=\"twitter:data1\" content=\"R\u00d6SS Est\u00e9tica\" \/>\n\t<meta name=\"twitter:label2\" content=\"Est. reading time\" \/>\n\t<meta name=\"twitter:data2\" content=\"3 minutes\" \/>\n<script type=\"application\/ld+json\" class=\"yoast-schema-graph\">{\"@context\":\"https:\/\/schema.org\",\"@graph\":[{\"@type\":\"Article\",\"@id\":\"https:\/\/ross.international\/ross-lleva-su-tecnologia-estetica-profesional-a-la-china-international-beauty-expo\/#article\",\"isPartOf\":{\"@id\":\"https:\/\/ross.international\/ross-lleva-su-tecnologia-estetica-profesional-a-la-china-international-beauty-expo\/\"},\"author\":{\"name\":\"R\u00d6SS Est\u00e9tica\",\"@id\":\"https:\/\/ross.international\/#\/schema\/person\/96b97f76d225ca3a383173ae5a2a7b63\"},\"headline\":\"R\u00d6S&#8217;S lleva su tecnolog\u00eda est\u00e9tica profesional a la China International Beauty Expo\",\"datePublished\":\"2026-03-10T14:10:20+00:00\",\"dateModified\":\"2026-03-11T08:48:43+00:00\",\"mainEntityOfPage\":{\"@id\":\"https:\/\/ross.international\/ross-lleva-su-tecnologia-estetica-profesional-a-la-china-international-beauty-expo\/\"},\"wordCount\":532,\"commentCount\":0,\"publisher\":{\"@id\":\"https:\/\/ross.international\/#organization\"},\"image\":{\"@id\":\"https:\/\/ross.international\/ross-lleva-su-tecnologia-estetica-profesional-a-la-china-international-beauty-expo\/#primaryimage\"},\"thumbnailUrl\":\"https:\/\/ross.international\/wp-content\/uploads\/2026\/03\/CIBE-China-Ross.webp\",\"articleSection\":[\"Eventos y lanzamientos\",\"R\u00d6SS\"],\"inLanguage\":\"en-US\",\"potentialAction\":[{\"@type\":\"CommentAction\",\"name\":\"Comment\",\"target\":[\"https:\/\/ross.international\/ross-lleva-su-tecnologia-estetica-profesional-a-la-china-international-beauty-expo\/#respond\"]}]},{\"@type\":\"WebPage\",\"@id\":\"https:\/\/ross.international\/ross-lleva-su-tecnologia-estetica-profesional-a-la-china-international-beauty-expo\/\",\"url\":\"https:\/\/ross.international\/ross-lleva-su-tecnologia-estetica-profesional-a-la-china-international-beauty-expo\/\",\"name\":\"R\u00d6S'S lleva su tecnolog\u00eda est\u00e9tica profesional a la China International Beauty Expo - R\u00d6S&#039;S\",\"isPartOf\":{\"@id\":\"https:\/\/ross.international\/#website\"},\"primaryImageOfPage\":{\"@id\":\"https:\/\/ross.international\/ross-lleva-su-tecnologia-estetica-profesional-a-la-china-international-beauty-expo\/#primaryimage\"},\"image\":{\"@id\":\"https:\/\/ross.international\/ross-lleva-su-tecnologia-estetica-profesional-a-la-china-international-beauty-expo\/#primaryimage\"},\"thumbnailUrl\":\"https:\/\/ross.international\/wp-content\/uploads\/2026\/03\/CIBE-China-Ross.webp\",\"datePublished\":\"2026-03-10T14:10:20+00:00\",\"dateModified\":\"2026-03-11T08:48:43+00:00\",\"description\":\"R\u00d6S'S participa en la China International Beauty Expo (CIBE) 2026 en Guangzhou, consolidando su compromiso con la innovaci\u00f3n en tecnolog\u00eda est\u00e9tica profesional.\",\"breadcrumb\":{\"@id\":\"https:\/\/ross.international\/ross-lleva-su-tecnologia-estetica-profesional-a-la-china-international-beauty-expo\/#breadcrumb\"},\"inLanguage\":\"en-US\",\"potentialAction\":[{\"@type\":\"ReadAction\",\"target\":[\"https:\/\/ross.international\/ross-lleva-su-tecnologia-estetica-profesional-a-la-china-international-beauty-expo\/\"]}]},{\"@type\":\"ImageObject\",\"inLanguage\":\"en-US\",\"@id\":\"https:\/\/ross.international\/ross-lleva-su-tecnologia-estetica-profesional-a-la-china-international-beauty-expo\/#primaryimage\",\"url\":\"https:\/\/ross.international\/wp-content\/uploads\/2026\/03\/CIBE-China-Ross.webp\",\"contentUrl\":\"https:\/\/ross.international\/wp-content\/uploads\/2026\/03\/CIBE-China-Ross.webp\",\"width\":1678,\"height\":1032,\"caption\":\"CIBE China Ross\"},{\"@type\":\"BreadcrumbList\",\"@id\":\"https:\/\/ross.international\/ross-lleva-su-tecnologia-estetica-profesional-a-la-china-international-beauty-expo\/#breadcrumb\",\"itemListElement\":[{\"@type\":\"ListItem\",\"position\":1,\"name\":\"Portada\",\"item\":\"https:\/\/ross.international\/\"},{\"@type\":\"ListItem\",\"position\":2,\"name\":\"R\u00d6S&#8217;S lleva su tecnolog\u00eda est\u00e9tica profesional a la China International Beauty Expo\"}]},{\"@type\":\"WebSite\",\"@id\":\"https:\/\/ross.international\/#website\",\"url\":\"https:\/\/ross.international\/\",\"name\":\"R\u00d6S'S\",\"description\":\"\",\"publisher\":{\"@id\":\"https:\/\/ross.international\/#organization\"},\"potentialAction\":[{\"@type\":\"SearchAction\",\"target\":{\"@type\":\"EntryPoint\",\"urlTemplate\":\"https:\/\/ross.international\/?s={search_term_string}\"},\"query-input\":{\"@type\":\"PropertyValueSpecification\",\"valueRequired\":true,\"valueName\":\"search_term_string\"}}],\"inLanguage\":\"en-US\"},{\"@type\":\"Organization\",\"@id\":\"https:\/\/ross.international\/#organization\",\"name\":\"R\u00d6S'S\",\"alternateName\":[\"Ross\",\"ROSS\",\"R\u00f6ss\"],\"url\":\"https:\/\/ross.international\/\",\"logo\":{\"@type\":\"ImageObject\",\"inLanguage\":\"en-US\",\"@id\":\"https:\/\/ross.international\/#\/schema\/logo\/image\/\",\"url\":\"https:\/\/ross.international\/wp-content\/uploads\/2026\/03\/ross_logo.png\",\"contentUrl\":\"https:\/\/ross.international\/wp-content\/uploads\/2026\/03\/ross_logo.png\",\"width\":1200,\"height\":675,\"caption\":\"R\u00d6S'S\"},\"image\":{\"@id\":\"https:\/\/ross.international\/#\/schema\/logo\/image\/\"}},{\"@type\":\"Person\",\"@id\":\"https:\/\/ross.international\/#\/schema\/person\/96b97f76d225ca3a383173ae5a2a7b63\",\"name\":\"R\u00d6SS Est\u00e9tica\",\"image\":{\"@type\":\"ImageObject\",\"inLanguage\":\"en-US\",\"@id\":\"https:\/\/ross.international\/#\/schema\/person\/image\/\",\"url\":\"https:\/\/secure.gravatar.com\/avatar\/c9ab3cffa31520f19ed65401b678b69c07578fa8366bba0a02bd3bbd955fca8e?s=96&d=mm&r=g\",\"contentUrl\":\"https:\/\/secure.gravatar.com\/avatar\/c9ab3cffa31520f19ed65401b678b69c07578fa8366bba0a02bd3bbd955fca8e?s=96&d=mm&r=g\",\"caption\":\"R\u00d6SS Est\u00e9tica\"},\"sameAs\":[\"https:\/\/ross.international\"],\"url\":\"https:\/\/ross.international\/en\/author\/ross_estetica\/\"}]}<\/script>\n<!-- \/ Yoast SEO Premium plugin. -->","yoast_head_json":{"title":"R\u00d6S'S lleva su tecnolog\u00eda est\u00e9tica profesional a la China International Beauty Expo - R\u00d6S&#039;S","description":"R\u00d6S'S participa en la China International Beauty Expo (CIBE) 2026 en Guangzhou, consolidando su compromiso con la innovaci\u00f3n en tecnolog\u00eda est\u00e9tica profesional.","robots":{"index":"index","follow":"follow","max-snippet":"max-snippet:-1","max-image-preview":"max-image-preview:large","max-video-preview":"max-video-preview:-1"},"canonical":"https:\/\/ross.international\/en\/ross-brings-its-professional-aesthetic-technology-to-the-china-international-beauty-expo\/","og_locale":"en_US","og_type":"article","og_title":"R\u00d6S'S lleva su tecnolog\u00eda est\u00e9tica profesional a la China International Beauty Expo","og_description":"R\u00d6S'S participa en la China International Beauty Expo (CIBE) 2026 en Guangzhou, consolidando su compromiso con la innovaci\u00f3n en tecnolog\u00eda est\u00e9tica profesional.","og_url":"https:\/\/ross.international\/en\/ross-brings-its-professional-aesthetic-technology-to-the-china-international-beauty-expo\/","og_site_name":"R\u00d6S&#039;S","article_published_time":"2026-03-10T14:10:20+00:00","article_modified_time":"2026-03-11T08:48:43+00:00","og_image":[{"width":1678,"height":1032,"url":"https:\/\/ross.international\/wp-content\/uploads\/2026\/03\/CIBE-China-Ross.webp","type":"image\/webp"}],"author":"R\u00d6SS Est\u00e9tica","twitter_card":"summary_large_image","twitter_misc":{"Written by":"R\u00d6SS Est\u00e9tica","Est. reading time":"3 minutes"},"schema":{"@context":"https:\/\/schema.org","@graph":[{"@type":"Article","@id":"https:\/\/ross.international\/ross-lleva-su-tecnologia-estetica-profesional-a-la-china-international-beauty-expo\/#article","isPartOf":{"@id":"https:\/\/ross.international\/ross-lleva-su-tecnologia-estetica-profesional-a-la-china-international-beauty-expo\/"},"author":{"name":"R\u00d6SS Est\u00e9tica","@id":"https:\/\/ross.international\/#\/schema\/person\/96b97f76d225ca3a383173ae5a2a7b63"},"headline":"R\u00d6S&#8217;S lleva su tecnolog\u00eda est\u00e9tica profesional a la China International Beauty Expo","datePublished":"2026-03-10T14:10:20+00:00","dateModified":"2026-03-11T08:48:43+00:00","mainEntityOfPage":{"@id":"https:\/\/ross.international\/ross-lleva-su-tecnologia-estetica-profesional-a-la-china-international-beauty-expo\/"},"wordCount":532,"commentCount":0,"publisher":{"@id":"https:\/\/ross.international\/#organization"},"image":{"@id":"https:\/\/ross.international\/ross-lleva-su-tecnologia-estetica-profesional-a-la-china-international-beauty-expo\/#primaryimage"},"thumbnailUrl":"https:\/\/ross.international\/wp-content\/uploads\/2026\/03\/CIBE-China-Ross.webp","articleSection":["Eventos y lanzamientos","R\u00d6SS"],"inLanguage":"en-US","potentialAction":[{"@type":"CommentAction","name":"Comment","target":["https:\/\/ross.international\/ross-lleva-su-tecnologia-estetica-profesional-a-la-china-international-beauty-expo\/#respond"]}]},{"@type":"WebPage","@id":"https:\/\/ross.international\/ross-lleva-su-tecnologia-estetica-profesional-a-la-china-international-beauty-expo\/","url":"https:\/\/ross.international\/ross-lleva-su-tecnologia-estetica-profesional-a-la-china-international-beauty-expo\/","name":"R\u00d6S'S lleva su tecnolog\u00eda est\u00e9tica profesional a la China International Beauty Expo - R\u00d6S&#039;S","isPartOf":{"@id":"https:\/\/ross.international\/#website"},"primaryImageOfPage":{"@id":"https:\/\/ross.international\/ross-lleva-su-tecnologia-estetica-profesional-a-la-china-international-beauty-expo\/#primaryimage"},"image":{"@id":"https:\/\/ross.international\/ross-lleva-su-tecnologia-estetica-profesional-a-la-china-international-beauty-expo\/#primaryimage"},"thumbnailUrl":"https:\/\/ross.international\/wp-content\/uploads\/2026\/03\/CIBE-China-Ross.webp","datePublished":"2026-03-10T14:10:20+00:00","dateModified":"2026-03-11T08:48:43+00:00","description":"R\u00d6S'S participa en la China International Beauty Expo (CIBE) 2026 en Guangzhou, consolidando su compromiso con la innovaci\u00f3n en tecnolog\u00eda est\u00e9tica profesional.","breadcrumb":{"@id":"https:\/\/ross.international\/ross-lleva-su-tecnologia-estetica-profesional-a-la-china-international-beauty-expo\/#breadcrumb"},"inLanguage":"en-US","potentialAction":[{"@type":"ReadAction","target":["https:\/\/ross.international\/ross-lleva-su-tecnologia-estetica-profesional-a-la-china-international-beauty-expo\/"]}]},{"@type":"ImageObject","inLanguage":"en-US","@id":"https:\/\/ross.international\/ross-lleva-su-tecnologia-estetica-profesional-a-la-china-international-beauty-expo\/#primaryimage","url":"https:\/\/ross.international\/wp-content\/uploads\/2026\/03\/CIBE-China-Ross.webp","contentUrl":"https:\/\/ross.international\/wp-content\/uploads\/2026\/03\/CIBE-China-Ross.webp","width":1678,"height":1032,"caption":"CIBE China Ross"},{"@type":"BreadcrumbList","@id":"https:\/\/ross.international\/ross-lleva-su-tecnologia-estetica-profesional-a-la-china-international-beauty-expo\/#breadcrumb","itemListElement":[{"@type":"ListItem","position":1,"name":"Portada","item":"https:\/\/ross.international\/"},{"@type":"ListItem","position":2,"name":"R\u00d6S&#8217;S lleva su tecnolog\u00eda est\u00e9tica profesional a la China International Beauty Expo"}]},{"@type":"WebSite","@id":"https:\/\/ross.international\/#website","url":"https:\/\/ross.international\/","name":"R\u00d6S'S","description":"","publisher":{"@id":"https:\/\/ross.international\/#organization"},"potentialAction":[{"@type":"SearchAction","target":{"@type":"EntryPoint","urlTemplate":"https:\/\/ross.international\/?s={search_term_string}"},"query-input":{"@type":"PropertyValueSpecification","valueRequired":true,"valueName":"search_term_string"}}],"inLanguage":"en-US"},{"@type":"Organization","@id":"https:\/\/ross.international\/#organization","name":"R\u00d6S'S","alternateName":["Ross","ROSS","R\u00f6ss"],"url":"https:\/\/ross.international\/","logo":{"@type":"ImageObject","inLanguage":"en-US","@id":"https:\/\/ross.international\/#\/schema\/logo\/image\/","url":"https:\/\/ross.international\/wp-content\/uploads\/2026\/03\/ross_logo.png","contentUrl":"https:\/\/ross.international\/wp-content\/uploads\/2026\/03\/ross_logo.png","width":1200,"height":675,"caption":"R\u00d6S'S"},"image":{"@id":"https:\/\/ross.international\/#\/schema\/logo\/image\/"}},{"@type":"Person","@id":"https:\/\/ross.international\/#\/schema\/person\/96b97f76d225ca3a383173ae5a2a7b63","name":"R\u00d6SS Est\u00e9tica","image":{"@type":"ImageObject","inLanguage":"en-US","@id":"https:\/\/ross.international\/#\/schema\/person\/image\/","url":"https:\/\/secure.gravatar.com\/avatar\/c9ab3cffa31520f19ed65401b678b69c07578fa8366bba0a02bd3bbd955fca8e?s=96&d=mm&r=g","contentUrl":"https:\/\/secure.gravatar.com\/avatar\/c9ab3cffa31520f19ed65401b678b69c07578fa8366bba0a02bd3bbd955fca8e?s=96&d=mm&r=g","caption":"R\u00d6SS Est\u00e9tica"},"sameAs":["https:\/\/ross.international"],"url":"https:\/\/ross.international\/en\/author\/ross_estetica\/"}]}},"_links":{"self":[{"href":"https:\/\/ross.international\/en\/wp-json\/wp\/v2\/posts\/24723","targetHints":{"allow":["GET"]}}],"collection":[{"href":"https:\/\/ross.international\/en\/wp-json\/wp\/v2\/posts"}],"about":[{"href":"https:\/\/ross.international\/en\/wp-json\/wp\/v2\/types\/post"}],"author":[{"embeddable":true,"href":"https:\/\/ross.international\/en\/wp-json\/wp\/v2\/users\/2"}],"replies":[{"embeddable":true,"href":"https:\/\/ross.international\/en\/wp-json\/wp\/v2\/comments?post=24723"}],"version-history":[{"count":4,"href":"https:\/\/ross.international\/en\/wp-json\/wp\/v2\/posts\/24723\/revisions"}],"predecessor-version":[{"id":24731,"href":"https:\/\/ross.international\/en\/wp-json\/wp\/v2\/posts\/24723\/revisions\/24731"}],"wp:featuredmedia":[{"embeddable":true,"href":"https:\/\/ross.international\/en\/wp-json\/wp\/v2\/media\/24726"}],"wp:attachment":[{"href":"https:\/\/ross.international\/en\/wp-json\/wp\/v2\/media?parent=24723"}],"wp:term":[{"taxonomy":"category","embeddable":true,"href":"https:\/\/ross.international\/en\/wp-json\/wp\/v2\/categories?post=24723"},{"taxonomy":"post_tag","embeddable":true,"href":"https:\/\/ross.international\/en\/wp-json\/wp\/v2\/tags?post=24723"}],"curies":[{"name":"wp","href":"https:\/\/api.w.org\/{rel}","templated":true}]}}