{"id":24679,"date":"2026-03-03T10:15:34","date_gmt":"2026-03-03T10:15:34","guid":{"rendered":"https:\/\/ross.international\/?p=24679"},"modified":"2026-03-03T16:41:51","modified_gmt":"2026-03-03T16:41:51","slug":"ross-en-talent-arena-2026-explorando-las-tecnologias-que-transformaran-la-estetica-profesional","status":"publish","type":"post","link":"https:\/\/ross.international\/en\/ross-at-talent-arena-2026-exploring-the-technologies-that-will-transform-professional-aesthetics\/","title":{"rendered":"R\u00d6S&#039;S at Talent Arena 2026: exploring the technologies that will transform professional aesthetics"},"content":{"rendered":"<p>From March 2nd to 4th, 2026, Barcelona became the world epicenter of technological innovation with the celebration of the second edition of <strong>Talent Arena<\/strong>, the leading European event for digital professionals organized by Mobile World Capital Barcelona and held in parallel with MWC Barcelona 2026. At R\u00d6S&#039;S, manufacturers of advanced aesthetic technology since 1978, we were there.<\/p>\n\n\n\n<p>Our presence at the Talent Arena stems from a firm conviction: <strong><em>Innovation in professional aesthetics involves understanding where global technology is headed.<\/em><\/strong>Only in this way can we anticipate the needs of the professionals who rely on our equipment every day.<\/p>\n\n\n\n<h2 class=\"wp-block-heading\" id=\"h-que-es-el-talent-arena-y-por-que-es-relevante-para-ros-s\"><strong>What is the Talent Arena and why is it relevant to R\u00d6S&#039;S?<\/strong><\/h2>\n\n\n\n<p>Talent Arena is the largest European event dedicated to digital talent. Its first edition in 2025 brought together more than 20,000 developers from 115 countries, representing over 1,500 companies. The 2026 edition has taken a significant leap forward: more than 200 conferences, 45 hands-on workshops, hackathons powered by organizations such as the Barcelona Supercomputing Center and the GSMA, and new areas dedicated to robotics and gaming.<\/p>\n\n\n<div class=\"wp-block-image\">\n<figure class=\"aligncenter size-large is-resized\"><img loading=\"lazy\" decoding=\"async\" width=\"1024\" height=\"630\" src=\"https:\/\/ross.international\/wp-content\/uploads\/2026\/03\/ROSS-en-el-Talent-Arena-Barcelona-2026-1024x630.webp\" alt=\"\" class=\"wp-image-24687\" style=\"width:520px\" srcset=\"https:\/\/ross.international\/wp-content\/uploads\/2026\/03\/ROSS-en-el-Talent-Arena-Barcelona-2026-1024x630.webp 1024w, https:\/\/ross.international\/wp-content\/uploads\/2026\/03\/ROSS-en-el-Talent-Arena-Barcelona-2026-300x185.webp 300w, https:\/\/ross.international\/wp-content\/uploads\/2026\/03\/ROSS-en-el-Talent-Arena-Barcelona-2026-768x472.webp 768w, https:\/\/ross.international\/wp-content\/uploads\/2026\/03\/ROSS-en-el-Talent-Arena-Barcelona-2026-1536x945.webp 1536w, https:\/\/ross.international\/wp-content\/uploads\/2026\/03\/ROSS-en-el-Talent-Arena-Barcelona-2026-18x12.webp 18w, https:\/\/ross.international\/wp-content\/uploads\/2026\/03\/ROSS-en-el-Talent-Arena-Barcelona-2026.webp 1678w\" sizes=\"auto, (max-width: 1024px) 100vw, 1024px\" \/><figcaption class=\"wp-element-caption\">The R\u00d6S&#039;S team awaiting the presentation of <strong>Tim Berners-Lee<\/strong><\/figcaption><\/figure>\n<\/div>\n\n\n<p>Among the speakers at this edition are names such as <strong>Tim Berners-Lee<\/strong>, inventor of the World Wide Web; <strong>Kate Darling<\/strong>, a robotics researcher at the Boston Dynamics AI Institute; and <strong>Tim Serewicz<\/strong>Vice President of Education at The Linux Foundation. A poster that reflects the event&#039;s ambition to bring together those who are defining the technological future.<\/p>\n\n\n\n<p>For a company like R\u00d6S&#039;S, whose essence lies in technological innovation applied to aesthetics and physiotherapy, events like Talent Arena are an essential window to the future.<\/p>\n\n\n\n<h2 class=\"wp-block-heading\" id=\"h-las-tendencias-tecnologicas-que-hemos-observado-en-el-talent-arena-2026\"><strong>The technological trends we observed at Talent Arena 2026<\/strong><\/h2>\n\n\n\n<p>This edition&#039;s program has been structured around five major thematic areas that we consider especially relevant to our sector.<\/p>\n\n\n\n<h3 class=\"wp-block-heading\" id=\"h-inteligencia-artificial-mas-alla-de-la-automatizacion\"><strong>Artificial intelligence beyond automation<\/strong><\/h3>\n\n\n\n<p>Artificial intelligence has undoubtedly been the star of the event. But the discussion is no longer just about automating tasks: the conferences have focused on the <strong>AI Experience Engineering<\/strong>That is, the application of AI to entire workflows, products, training, and operations. At R\u00d6S&#039;S, we see enormous potential in integrating artificial intelligence models into our teams to offer more accurate diagnoses, personalized treatment protocols, and a more intuitive user experience for professionals.<\/p>\n\n\n\n<h3 class=\"wp-block-heading\" id=\"h-ciberseguridad-y-proteccion-de-datos\"><strong>Cybersecurity and data protection<\/strong><\/h3>\n\n\n\n<p>As beauty salons connect to the cloud and manage client data, cybersecurity becomes a top priority. Advanced solutions for protecting sensitive information in IoT environments were presented at the Talent Arena, directly applicable to our vision of connected equipment and digital platforms for beauty salons.<\/p>\n\n\n\n<h3 class=\"wp-block-heading\" id=\"h-computacion-en-la-nube-y-edge-computing\"><strong>Cloud computing and edge computing<\/strong><\/h3>\n\n\n\n<p>Cloud architectures and edge computing enable real-time data processing without relying on remote servers. For professional aesthetics, this opens up fascinating possibilities: equipment capable of instantly analyzing a patient&#039;s skin, adjusting treatment parameters in real time, and generating automatic reports with zero latency.<\/p>\n\n\n\n<h3 class=\"wp-block-heading\" id=\"h-tecnologias-emergentes-computacion-cuantica-y-newspace\"><strong>Emerging technologies: quantum computing and NewSpace<\/strong><\/h3>\n\n\n\n<p>Although quantum computing and space technologies may seem far removed from the world of aesthetics, their medium-term impact on biomedical data processing and global connectivity is undeniable. Paying attention to these trends allows us to anticipate how the technology powering our devices will evolve in the coming years.<\/p>\n\n\n\n<h3 class=\"wp-block-heading\" id=\"h-desarrollo-de-software-y-experiencia-de-usuario\"><strong>Software development and user experience<\/strong><\/h3>\n\n\n\n<p>The design of more intuitive and accessible interfaces has been another central theme. At R\u00d6S&#039;S, where the usability of our equipment is key for professionals to get the most out of each treatment, the UX\/UI trends presented at the Talent Arena inspire us to continue improving the interaction between professionals and technology.<\/p>\n\n\n\n<h2 class=\"wp-block-heading\" id=\"h-como-aplicamos-estas-tendencias-en-ros-s\"><strong>How we apply these trends at R\u00d6S&#039;S<\/strong><\/h2>\n\n\n\n<p>Attending Talent Arena is not simply an exercise in observation. It&#039;s a strategic decision. Since our founding in 1978, continuous innovation has been the driving force behind our development of technologies such as diathermy, radiofrequency, electrostimulation, and physioactive massage, all designed and manufactured in Spain.<\/p>\n\n\n<div class=\"wp-block-image\">\n<figure class=\"aligncenter size-large is-resized\"><img loading=\"lazy\" decoding=\"async\" width=\"1024\" height=\"630\" src=\"https:\/\/ross.international\/wp-content\/uploads\/2026\/03\/Talent-Arena-2026-ROSS-1024x630.webp\" alt=\"\" class=\"wp-image-24683\" style=\"width:514px;height:auto\" srcset=\"https:\/\/ross.international\/wp-content\/uploads\/2026\/03\/Talent-Arena-2026-ROSS-1024x630.webp 1024w, https:\/\/ross.international\/wp-content\/uploads\/2026\/03\/Talent-Arena-2026-ROSS-300x185.webp 300w, https:\/\/ross.international\/wp-content\/uploads\/2026\/03\/Talent-Arena-2026-ROSS-768x472.webp 768w, https:\/\/ross.international\/wp-content\/uploads\/2026\/03\/Talent-Arena-2026-ROSS-1536x945.webp 1536w, https:\/\/ross.international\/wp-content\/uploads\/2026\/03\/Talent-Arena-2026-ROSS-18x12.webp 18w, https:\/\/ross.international\/wp-content\/uploads\/2026\/03\/Talent-Arena-2026-ROSS.webp 1678w\" sizes=\"auto, (max-width: 1024px) 100vw, 1024px\" \/><figcaption class=\"wp-element-caption\">R\u00d6S&#039;S at Talent Arena 2026 attending the Visionary Stage<\/figcaption><\/figure>\n<\/div>\n\n\n<p>Our commitment to technological upgrades translates into concrete lines of work:<\/p>\n\n\n\n<p><strong>Integration of artificial intelligence <\/strong>in our teams&#039; protocols to offer more personalized treatments and more predictable results.<\/p>\n\n\n\n<p><strong>Continuous improvement of the user experience <\/strong>in our interfaces, incorporating the latest trends in design and accessibility.<\/p>\n\n\n\n<p><strong>Strengthening security and data protection protocols <\/strong>on all our devices and digital services.<\/p>\n\n\n\n<h2 class=\"wp-block-heading\" id=\"h-nuestro-compromiso-con-la-formacion-y-el-talento-digital\"><strong>Our commitment to training and digital talent<\/strong><\/h2>\n\n\n\n<p>One of Talent Arena&#039;s core values is its commitment to talent and continuous training, a principle we fully share. At R\u00d6S&#039;S, we allocate a percentage of each device invoiced to workshops and training courses for beauty professionals. We believe that technology is only as good as the person using it, and that&#039;s why we invest in the professional development of those who trust our devices.<\/p>\n\n\n\n<p>The Talent Arena has reaffirmed this vision for us: the future of any sector lies in combining cutting-edge technology with professionals prepared to take advantage of it.<\/p>\n\n\n\n<h2 class=\"wp-block-heading\" id=\"h-barcelona-epicentro-de-la-innovacion-el-lugar-natural-para-ros-s\"><strong>Barcelona, epicenter of innovation: the natural place for R\u00d6S&#039;S<\/strong><\/h2>\n\n\n\n<p>It&#039;s no coincidence that Talent Arena is being held in Barcelona, just a few kilometers from our headquarters in Castelldefels. Barcelona is consolidating its position year after year as a world-class technology hub, and R\u00d6S&#039;S is an active part of this innovation ecosystem. We&#039;re returning from Talent Arena 2026 with new ideas, contacts, and a renewed vision of how emerging technologies can improve our equipment and, ultimately, the lives of the professionals and patients who use it. Because at R\u00d6S&#039;S, <strong><em>Positive innovation is our ongoing commitment<\/em><\/strong>.<\/p>","protected":false},"excerpt":{"rendered":"<p>From March 2nd to 4th, 2026, Barcelona became the global epicenter of technological innovation with the second edition of Talent Arena, the leading European event for digital professionals organized by Mobile World Capital Barcelona and held in parallel with MWC Barcelona 2026. At R\u00d6S&#039;S, [\u2026]<\/p>","protected":false},"author":2,"featured_media":24682,"comment_status":"open","ping_status":"open","sticky":false,"template":"","format":"standard","meta":{"_acf_changed":false,"footnotes":""},"categories":[1],"tags":[],"class_list":["post-24679","post","type-post","status-publish","format-standard","has-post-thumbnail","hentry","category-ross"],"acf":[],"yoast_head":"<!-- This site is optimized with the Yoast SEO Premium plugin v22.6 (Yoast SEO v25.3.1) - https:\/\/yoast.com\/wordpress\/plugins\/seo\/ -->\n<title>R\u00d6S&#039;S en Talent Arena 2026: explorando las tecnolog\u00edas que transformar\u00e1n la est\u00e9tica profesional - R\u00d6S&#039;S<\/title>\n<meta name=\"description\" content=\"R\u00d6S&#039;S asiste al Talent Arena 2026 en Barcelona para explorar las \u00faltimas tendencias en inteligencia artificial, ciberseguridad y tecnolog\u00edas emergentes aplicadas a la est\u00e9tica profesional.\" \/>\n<meta name=\"robots\" content=\"index, follow, max-snippet:-1, max-image-preview:large, max-video-preview:-1\" \/>\n<link rel=\"canonical\" href=\"https:\/\/ross.international\/en\/ross-at-talent-arena-2026-exploring-the-technologies-that-will-transform-professional-aesthetics\/\" \/>\n<meta property=\"og:locale\" content=\"en_US\" \/>\n<meta property=\"og:type\" content=\"article\" \/>\n<meta property=\"og:title\" content=\"R\u00d6S&#039;S en Talent Arena 2026: explorando las tecnolog\u00edas que transformar\u00e1n la est\u00e9tica profesional\" \/>\n<meta property=\"og:description\" content=\"R\u00d6S&#039;S asiste al Talent Arena 2026 en Barcelona para explorar las \u00faltimas tendencias en inteligencia artificial, ciberseguridad y tecnolog\u00edas emergentes aplicadas a la est\u00e9tica profesional.\" \/>\n<meta property=\"og:url\" content=\"https:\/\/ross.international\/en\/ross-at-talent-arena-2026-exploring-the-technologies-that-will-transform-professional-aesthetics\/\" \/>\n<meta property=\"og:site_name\" content=\"R\u00d6S&#039;S\" \/>\n<meta property=\"article:published_time\" content=\"2026-03-03T10:15:34+00:00\" \/>\n<meta property=\"article:modified_time\" content=\"2026-03-03T16:41:51+00:00\" \/>\n<meta property=\"og:image\" content=\"https:\/\/ross.international\/wp-content\/uploads\/2026\/03\/ROSS-en-Talent-Arena-2026.webp\" \/>\n\t<meta property=\"og:image:width\" content=\"1678\" \/>\n\t<meta property=\"og:image:height\" content=\"1032\" \/>\n\t<meta property=\"og:image:type\" content=\"image\/webp\" \/>\n<meta name=\"author\" content=\"R\u00d6SS Est\u00e9tica\" \/>\n<meta name=\"twitter:card\" content=\"summary_large_image\" \/>\n<meta name=\"twitter:label1\" content=\"Written by\" \/>\n\t<meta name=\"twitter:data1\" content=\"R\u00d6SS Est\u00e9tica\" \/>\n\t<meta name=\"twitter:label2\" content=\"Est. reading time\" \/>\n\t<meta name=\"twitter:data2\" content=\"6 minutes\" \/>\n<script type=\"application\/ld+json\" class=\"yoast-schema-graph\">{\"@context\":\"https:\/\/schema.org\",\"@graph\":[{\"@type\":\"Article\",\"@id\":\"https:\/\/ross.international\/ross-en-talent-arena-2026-explorando-las-tecnologias-que-transformaran-la-estetica-profesional\/#article\",\"isPartOf\":{\"@id\":\"https:\/\/ross.international\/ross-en-talent-arena-2026-explorando-las-tecnologias-que-transformaran-la-estetica-profesional\/\"},\"author\":{\"name\":\"R\u00d6SS Est\u00e9tica\",\"@id\":\"https:\/\/ross.international\/#\/schema\/person\/96b97f76d225ca3a383173ae5a2a7b63\"},\"headline\":\"R\u00d6S&#8217;S en Talent Arena 2026: explorando las tecnolog\u00edas que transformar\u00e1n la est\u00e9tica profesional\",\"datePublished\":\"2026-03-03T10:15:34+00:00\",\"dateModified\":\"2026-03-03T16:41:51+00:00\",\"mainEntityOfPage\":{\"@id\":\"https:\/\/ross.international\/ross-en-talent-arena-2026-explorando-las-tecnologias-que-transformaran-la-estetica-profesional\/\"},\"wordCount\":1115,\"commentCount\":0,\"publisher\":{\"@id\":\"https:\/\/ross.international\/#organization\"},\"image\":{\"@id\":\"https:\/\/ross.international\/ross-en-talent-arena-2026-explorando-las-tecnologias-que-transformaran-la-estetica-profesional\/#primaryimage\"},\"thumbnailUrl\":\"https:\/\/ross.international\/wp-content\/uploads\/2026\/03\/ROSS-en-Talent-Arena-2026.webp\",\"articleSection\":[\"R\u00d6SS\"],\"inLanguage\":\"en-US\",\"potentialAction\":[{\"@type\":\"CommentAction\",\"name\":\"Comment\",\"target\":[\"https:\/\/ross.international\/ross-en-talent-arena-2026-explorando-las-tecnologias-que-transformaran-la-estetica-profesional\/#respond\"]}]},{\"@type\":\"WebPage\",\"@id\":\"https:\/\/ross.international\/ross-en-talent-arena-2026-explorando-las-tecnologias-que-transformaran-la-estetica-profesional\/\",\"url\":\"https:\/\/ross.international\/ross-en-talent-arena-2026-explorando-las-tecnologias-que-transformaran-la-estetica-profesional\/\",\"name\":\"R\u00d6S'S en Talent Arena 2026: explorando las tecnolog\u00edas que transformar\u00e1n la est\u00e9tica profesional - R\u00d6S&#039;S\",\"isPartOf\":{\"@id\":\"https:\/\/ross.international\/#website\"},\"primaryImageOfPage\":{\"@id\":\"https:\/\/ross.international\/ross-en-talent-arena-2026-explorando-las-tecnologias-que-transformaran-la-estetica-profesional\/#primaryimage\"},\"image\":{\"@id\":\"https:\/\/ross.international\/ross-en-talent-arena-2026-explorando-las-tecnologias-que-transformaran-la-estetica-profesional\/#primaryimage\"},\"thumbnailUrl\":\"https:\/\/ross.international\/wp-content\/uploads\/2026\/03\/ROSS-en-Talent-Arena-2026.webp\",\"datePublished\":\"2026-03-03T10:15:34+00:00\",\"dateModified\":\"2026-03-03T16:41:51+00:00\",\"description\":\"R\u00d6S'S asiste al Talent Arena 2026 en Barcelona para explorar las \u00faltimas tendencias en inteligencia artificial, ciberseguridad y tecnolog\u00edas emergentes aplicadas a la est\u00e9tica profesional.\",\"breadcrumb\":{\"@id\":\"https:\/\/ross.international\/ross-en-talent-arena-2026-explorando-las-tecnologias-que-transformaran-la-estetica-profesional\/#breadcrumb\"},\"inLanguage\":\"en-US\",\"potentialAction\":[{\"@type\":\"ReadAction\",\"target\":[\"https:\/\/ross.international\/ross-en-talent-arena-2026-explorando-las-tecnologias-que-transformaran-la-estetica-profesional\/\"]}]},{\"@type\":\"ImageObject\",\"inLanguage\":\"en-US\",\"@id\":\"https:\/\/ross.international\/ross-en-talent-arena-2026-explorando-las-tecnologias-que-transformaran-la-estetica-profesional\/#primaryimage\",\"url\":\"https:\/\/ross.international\/wp-content\/uploads\/2026\/03\/ROSS-en-Talent-Arena-2026.webp\",\"contentUrl\":\"https:\/\/ross.international\/wp-content\/uploads\/2026\/03\/ROSS-en-Talent-Arena-2026.webp\",\"width\":1678,\"height\":1032,\"caption\":\"RO\u0308S'S en Talent Arena 2026\"},{\"@type\":\"BreadcrumbList\",\"@id\":\"https:\/\/ross.international\/ross-en-talent-arena-2026-explorando-las-tecnologias-que-transformaran-la-estetica-profesional\/#breadcrumb\",\"itemListElement\":[{\"@type\":\"ListItem\",\"position\":1,\"name\":\"Portada\",\"item\":\"https:\/\/ross.international\/\"},{\"@type\":\"ListItem\",\"position\":2,\"name\":\"R\u00d6S&#8217;S en Talent Arena 2026: explorando las tecnolog\u00edas que transformar\u00e1n la est\u00e9tica profesional\"}]},{\"@type\":\"WebSite\",\"@id\":\"https:\/\/ross.international\/#website\",\"url\":\"https:\/\/ross.international\/\",\"name\":\"R\u00d6S'S\",\"description\":\"\",\"publisher\":{\"@id\":\"https:\/\/ross.international\/#organization\"},\"potentialAction\":[{\"@type\":\"SearchAction\",\"target\":{\"@type\":\"EntryPoint\",\"urlTemplate\":\"https:\/\/ross.international\/?s={search_term_string}\"},\"query-input\":{\"@type\":\"PropertyValueSpecification\",\"valueRequired\":true,\"valueName\":\"search_term_string\"}}],\"inLanguage\":\"en-US\"},{\"@type\":\"Organization\",\"@id\":\"https:\/\/ross.international\/#organization\",\"name\":\"R\u00d6S'S\",\"alternateName\":[\"Ross\",\"ROSS\",\"R\u00f6ss\"],\"url\":\"https:\/\/ross.international\/\",\"logo\":{\"@type\":\"ImageObject\",\"inLanguage\":\"en-US\",\"@id\":\"https:\/\/ross.international\/#\/schema\/logo\/image\/\",\"url\":\"https:\/\/ross.international\/wp-content\/uploads\/2026\/03\/ross_logo.png\",\"contentUrl\":\"https:\/\/ross.international\/wp-content\/uploads\/2026\/03\/ross_logo.png\",\"width\":1200,\"height\":675,\"caption\":\"R\u00d6S'S\"},\"image\":{\"@id\":\"https:\/\/ross.international\/#\/schema\/logo\/image\/\"}},{\"@type\":\"Person\",\"@id\":\"https:\/\/ross.international\/#\/schema\/person\/96b97f76d225ca3a383173ae5a2a7b63\",\"name\":\"R\u00d6SS Est\u00e9tica\",\"image\":{\"@type\":\"ImageObject\",\"inLanguage\":\"en-US\",\"@id\":\"https:\/\/ross.international\/#\/schema\/person\/image\/\",\"url\":\"https:\/\/secure.gravatar.com\/avatar\/c9ab3cffa31520f19ed65401b678b69c07578fa8366bba0a02bd3bbd955fca8e?s=96&d=mm&r=g\",\"contentUrl\":\"https:\/\/secure.gravatar.com\/avatar\/c9ab3cffa31520f19ed65401b678b69c07578fa8366bba0a02bd3bbd955fca8e?s=96&d=mm&r=g\",\"caption\":\"R\u00d6SS Est\u00e9tica\"},\"sameAs\":[\"https:\/\/ross.international\"],\"url\":\"https:\/\/ross.international\/en\/author\/ross_estetica\/\"}]}<\/script>\n<!-- \/ Yoast SEO Premium plugin. -->","yoast_head_json":{"title":"R\u00d6S'S en Talent Arena 2026: explorando las tecnolog\u00edas que transformar\u00e1n la est\u00e9tica profesional - R\u00d6S&#039;S","description":"R\u00d6S'S asiste al Talent Arena 2026 en Barcelona para explorar las \u00faltimas tendencias en inteligencia artificial, ciberseguridad y tecnolog\u00edas emergentes aplicadas a la est\u00e9tica profesional.","robots":{"index":"index","follow":"follow","max-snippet":"max-snippet:-1","max-image-preview":"max-image-preview:large","max-video-preview":"max-video-preview:-1"},"canonical":"https:\/\/ross.international\/en\/ross-at-talent-arena-2026-exploring-the-technologies-that-will-transform-professional-aesthetics\/","og_locale":"en_US","og_type":"article","og_title":"R\u00d6S'S en Talent Arena 2026: explorando las tecnolog\u00edas que transformar\u00e1n la est\u00e9tica profesional","og_description":"R\u00d6S'S asiste al Talent Arena 2026 en Barcelona para explorar las \u00faltimas tendencias en inteligencia artificial, ciberseguridad y tecnolog\u00edas emergentes aplicadas a la est\u00e9tica profesional.","og_url":"https:\/\/ross.international\/en\/ross-at-talent-arena-2026-exploring-the-technologies-that-will-transform-professional-aesthetics\/","og_site_name":"R\u00d6S&#039;S","article_published_time":"2026-03-03T10:15:34+00:00","article_modified_time":"2026-03-03T16:41:51+00:00","og_image":[{"width":1678,"height":1032,"url":"https:\/\/ross.international\/wp-content\/uploads\/2026\/03\/ROSS-en-Talent-Arena-2026.webp","type":"image\/webp"}],"author":"R\u00d6SS Est\u00e9tica","twitter_card":"summary_large_image","twitter_misc":{"Written by":"R\u00d6SS Est\u00e9tica","Est. reading time":"6 minutes"},"schema":{"@context":"https:\/\/schema.org","@graph":[{"@type":"Article","@id":"https:\/\/ross.international\/ross-en-talent-arena-2026-explorando-las-tecnologias-que-transformaran-la-estetica-profesional\/#article","isPartOf":{"@id":"https:\/\/ross.international\/ross-en-talent-arena-2026-explorando-las-tecnologias-que-transformaran-la-estetica-profesional\/"},"author":{"name":"R\u00d6SS Est\u00e9tica","@id":"https:\/\/ross.international\/#\/schema\/person\/96b97f76d225ca3a383173ae5a2a7b63"},"headline":"R\u00d6S&#8217;S en Talent Arena 2026: explorando las tecnolog\u00edas que transformar\u00e1n la est\u00e9tica profesional","datePublished":"2026-03-03T10:15:34+00:00","dateModified":"2026-03-03T16:41:51+00:00","mainEntityOfPage":{"@id":"https:\/\/ross.international\/ross-en-talent-arena-2026-explorando-las-tecnologias-que-transformaran-la-estetica-profesional\/"},"wordCount":1115,"commentCount":0,"publisher":{"@id":"https:\/\/ross.international\/#organization"},"image":{"@id":"https:\/\/ross.international\/ross-en-talent-arena-2026-explorando-las-tecnologias-que-transformaran-la-estetica-profesional\/#primaryimage"},"thumbnailUrl":"https:\/\/ross.international\/wp-content\/uploads\/2026\/03\/ROSS-en-Talent-Arena-2026.webp","articleSection":["R\u00d6SS"],"inLanguage":"en-US","potentialAction":[{"@type":"CommentAction","name":"Comment","target":["https:\/\/ross.international\/ross-en-talent-arena-2026-explorando-las-tecnologias-que-transformaran-la-estetica-profesional\/#respond"]}]},{"@type":"WebPage","@id":"https:\/\/ross.international\/ross-en-talent-arena-2026-explorando-las-tecnologias-que-transformaran-la-estetica-profesional\/","url":"https:\/\/ross.international\/ross-en-talent-arena-2026-explorando-las-tecnologias-que-transformaran-la-estetica-profesional\/","name":"R\u00d6S'S en Talent Arena 2026: explorando las tecnolog\u00edas que transformar\u00e1n la est\u00e9tica profesional - R\u00d6S&#039;S","isPartOf":{"@id":"https:\/\/ross.international\/#website"},"primaryImageOfPage":{"@id":"https:\/\/ross.international\/ross-en-talent-arena-2026-explorando-las-tecnologias-que-transformaran-la-estetica-profesional\/#primaryimage"},"image":{"@id":"https:\/\/ross.international\/ross-en-talent-arena-2026-explorando-las-tecnologias-que-transformaran-la-estetica-profesional\/#primaryimage"},"thumbnailUrl":"https:\/\/ross.international\/wp-content\/uploads\/2026\/03\/ROSS-en-Talent-Arena-2026.webp","datePublished":"2026-03-03T10:15:34+00:00","dateModified":"2026-03-03T16:41:51+00:00","description":"R\u00d6S'S asiste al Talent Arena 2026 en Barcelona para explorar las \u00faltimas tendencias en inteligencia artificial, ciberseguridad y tecnolog\u00edas emergentes aplicadas a la est\u00e9tica profesional.","breadcrumb":{"@id":"https:\/\/ross.international\/ross-en-talent-arena-2026-explorando-las-tecnologias-que-transformaran-la-estetica-profesional\/#breadcrumb"},"inLanguage":"en-US","potentialAction":[{"@type":"ReadAction","target":["https:\/\/ross.international\/ross-en-talent-arena-2026-explorando-las-tecnologias-que-transformaran-la-estetica-profesional\/"]}]},{"@type":"ImageObject","inLanguage":"en-US","@id":"https:\/\/ross.international\/ross-en-talent-arena-2026-explorando-las-tecnologias-que-transformaran-la-estetica-profesional\/#primaryimage","url":"https:\/\/ross.international\/wp-content\/uploads\/2026\/03\/ROSS-en-Talent-Arena-2026.webp","contentUrl":"https:\/\/ross.international\/wp-content\/uploads\/2026\/03\/ROSS-en-Talent-Arena-2026.webp","width":1678,"height":1032,"caption":"RO\u0308S'S en Talent Arena 2026"},{"@type":"BreadcrumbList","@id":"https:\/\/ross.international\/ross-en-talent-arena-2026-explorando-las-tecnologias-que-transformaran-la-estetica-profesional\/#breadcrumb","itemListElement":[{"@type":"ListItem","position":1,"name":"Portada","item":"https:\/\/ross.international\/"},{"@type":"ListItem","position":2,"name":"R\u00d6S&#8217;S en Talent Arena 2026: explorando las tecnolog\u00edas que transformar\u00e1n la est\u00e9tica profesional"}]},{"@type":"WebSite","@id":"https:\/\/ross.international\/#website","url":"https:\/\/ross.international\/","name":"R\u00d6S'S","description":"","publisher":{"@id":"https:\/\/ross.international\/#organization"},"potentialAction":[{"@type":"SearchAction","target":{"@type":"EntryPoint","urlTemplate":"https:\/\/ross.international\/?s={search_term_string}"},"query-input":{"@type":"PropertyValueSpecification","valueRequired":true,"valueName":"search_term_string"}}],"inLanguage":"en-US"},{"@type":"Organization","@id":"https:\/\/ross.international\/#organization","name":"R\u00d6S'S","alternateName":["Ross","ROSS","R\u00f6ss"],"url":"https:\/\/ross.international\/","logo":{"@type":"ImageObject","inLanguage":"en-US","@id":"https:\/\/ross.international\/#\/schema\/logo\/image\/","url":"https:\/\/ross.international\/wp-content\/uploads\/2026\/03\/ross_logo.png","contentUrl":"https:\/\/ross.international\/wp-content\/uploads\/2026\/03\/ross_logo.png","width":1200,"height":675,"caption":"R\u00d6S'S"},"image":{"@id":"https:\/\/ross.international\/#\/schema\/logo\/image\/"}},{"@type":"Person","@id":"https:\/\/ross.international\/#\/schema\/person\/96b97f76d225ca3a383173ae5a2a7b63","name":"R\u00d6SS Est\u00e9tica","image":{"@type":"ImageObject","inLanguage":"en-US","@id":"https:\/\/ross.international\/#\/schema\/person\/image\/","url":"https:\/\/secure.gravatar.com\/avatar\/c9ab3cffa31520f19ed65401b678b69c07578fa8366bba0a02bd3bbd955fca8e?s=96&d=mm&r=g","contentUrl":"https:\/\/secure.gravatar.com\/avatar\/c9ab3cffa31520f19ed65401b678b69c07578fa8366bba0a02bd3bbd955fca8e?s=96&d=mm&r=g","caption":"R\u00d6SS Est\u00e9tica"},"sameAs":["https:\/\/ross.international"],"url":"https:\/\/ross.international\/en\/author\/ross_estetica\/"}]}},"_links":{"self":[{"href":"https:\/\/ross.international\/en\/wp-json\/wp\/v2\/posts\/24679","targetHints":{"allow":["GET"]}}],"collection":[{"href":"https:\/\/ross.international\/en\/wp-json\/wp\/v2\/posts"}],"about":[{"href":"https:\/\/ross.international\/en\/wp-json\/wp\/v2\/types\/post"}],"author":[{"embeddable":true,"href":"https:\/\/ross.international\/en\/wp-json\/wp\/v2\/users\/2"}],"replies":[{"embeddable":true,"href":"https:\/\/ross.international\/en\/wp-json\/wp\/v2\/comments?post=24679"}],"version-history":[{"count":8,"href":"https:\/\/ross.international\/en\/wp-json\/wp\/v2\/posts\/24679\/revisions"}],"predecessor-version":[{"id":24694,"href":"https:\/\/ross.international\/en\/wp-json\/wp\/v2\/posts\/24679\/revisions\/24694"}],"wp:featuredmedia":[{"embeddable":true,"href":"https:\/\/ross.international\/en\/wp-json\/wp\/v2\/media\/24682"}],"wp:attachment":[{"href":"https:\/\/ross.international\/en\/wp-json\/wp\/v2\/media?parent=24679"}],"wp:term":[{"taxonomy":"category","embeddable":true,"href":"https:\/\/ross.international\/en\/wp-json\/wp\/v2\/categories?post=24679"},{"taxonomy":"post_tag","embeddable":true,"href":"https:\/\/ross.international\/en\/wp-json\/wp\/v2\/tags?post=24679"}],"curies":[{"name":"wp","href":"https:\/\/api.w.org\/{rel}","templated":true}]}}