{"id":24604,"date":"2026-03-26T22:21:07","date_gmt":"2026-03-26T22:21:07","guid":{"rendered":"https:\/\/ross.international\/?p=24604"},"modified":"2026-04-07T13:06:22","modified_gmt":"2026-04-07T13:06:22","slug":"alianza-estrategica-ross-espana-y-newderma-potencian-el-mercado-de-la-estetica-en-la-peninsula-iberica","status":"publish","type":"post","link":"https:\/\/ross.international\/en\/strategic-alliance-between-ross-spain-and-newderma-boosts-the-beauty-market-in-the-iberian-peninsula\/","title":{"rendered":"Strategic alliance: R\u00d6S&#039;S Spain and Newderma boost the aesthetics market in the Iberian Peninsula"},"content":{"rendered":"<p>Recently, <strong>R\u00d6S&#039;S Spain<\/strong> received a visit from <strong>Newderma<\/strong>, official distributor of the brand in <strong>Portugal<\/strong>This strategic meeting not only strengthens the collaboration between both companies but also marks a turning point in the expansion and consolidation of our aesthetic solutions in the Iberian market. During the day, the teams from Spain and Portugal worked intensively on developing an aligned marketing strategy whose main objective is to enhance R\u00d6S&#039;S&#039;s positioning, ensuring that the values of innovation and effectiveness are communicated consistently in both countries.<\/p>\n\n\n\n<p>This collaboration allows us to launch <strong>joint actions <\/strong>Focused on optimizing campaigns for the professional sector, we guarantee sustainable growth and a shared vision for long-term market leadership. By unifying criteria, we reinforce a strong brand identity that maintains visual and messaging consistency across all distribution channels\u2014vital for building trust in a globalized environment.<\/p>\n\n\n\n<p>The <strong>Newderma&#039;s visit<\/strong> It was also the perfect opportunity for the exchange of fundamental technical knowledge. In a sector as dynamic as that of the <strong>professional aesthetics<\/strong>Constant updating is non-negotiable, so experiences were shared and application protocols were reviewed. <strong>R\u00d6S&#039;S treatments<\/strong>The ultimate goal is to ensure that each patient receives the same. <strong>service excellence<\/strong> and real results, regardless of whether you are in Madrid or Lisbon, reaffirming our absolute commitment to safety and effectiveness.<\/p>\n\n\n\n<p>In this same context, the role of aesthetic and dermatofunctional physiotherapy professionals is consolidated as the key element of <strong>our future strategy<\/strong>Their ability to offer personalized solutions and their close relationship with the patient are the driving forces that allow us to continue innovating in real solutions that adapt to the <strong>current market needs<\/strong>.<\/p>\n\n\n\n<p>Thanks to their training and specialization, we can guarantee a <strong>application of protocols based on scientific evidence<\/strong>achieving customer loyalty based on a <strong>expert service<\/strong> and a <strong>trust<\/strong> unwavering.<\/p>","protected":false},"excerpt":{"rendered":"<p>Recently, R\u00d6S&#039;S Spain received a visit from Newderma, the brand&#039;s official distributor in Portugal. This strategic meeting not only strengthens the collaboration between both companies but also marks a turning point in the expansion and consolidation of our aesthetic solutions in the Iberian market. During the visit, the teams from Spain and Portugal [\u2026]<\/p>","protected":false},"author":2,"featured_media":24628,"comment_status":"open","ping_status":"open","sticky":false,"template":"","format":"standard","meta":{"_acf_changed":false,"footnotes":""},"categories":[1],"tags":[],"class_list":["post-24604","post","type-post","status-publish","format-standard","has-post-thumbnail","hentry","category-ross"],"acf":[],"yoast_head":"<!-- This site is optimized with the Yoast SEO Premium plugin v22.6 (Yoast SEO v25.3.1) - https:\/\/yoast.com\/wordpress\/plugins\/seo\/ -->\n<title>Alianza estrat\u00e9gica: R\u00d6S&#039;S Espa\u00f1a y Newderma Potencian el mercado de la est\u00e9tica en la pen\u00ednsula Ib\u00e9rica - R\u00d6S&#039;S<\/title>\n<meta name=\"robots\" content=\"index, follow, max-snippet:-1, max-image-preview:large, max-video-preview:-1\" \/>\n<link rel=\"canonical\" href=\"https:\/\/ross.international\/en\/strategic-alliance-between-ross-spain-and-newderma-boosts-the-beauty-market-in-the-iberian-peninsula\/\" \/>\n<meta property=\"og:locale\" content=\"en_US\" \/>\n<meta property=\"og:type\" content=\"article\" \/>\n<meta property=\"og:title\" content=\"Alianza estrat\u00e9gica: R\u00d6S&#039;S Espa\u00f1a y Newderma Potencian el mercado de la est\u00e9tica en la pen\u00ednsula Ib\u00e9rica\" \/>\n<meta property=\"og:description\" content=\"Recientemente, R\u00d6S&#8217;S Espa\u00f1a recibi\u00f3 la visita de Newderma, distribuidor oficial de la marca en Portugal. Este encuentro estrat\u00e9gico no solo refuerza la colaboraci\u00f3n entre ambas compa\u00f1\u00edas, sino que marca un punto de inflexi\u00f3n en la expansi\u00f3n y consolidaci\u00f3n de nuestras soluciones est\u00e9ticas en el mercado ib\u00e9rico. Durante la jornada, los equipos de Espa\u00f1a y Portugal [&hellip;]\" \/>\n<meta property=\"og:url\" content=\"https:\/\/ross.international\/en\/strategic-alliance-between-ross-spain-and-newderma-boosts-the-beauty-market-in-the-iberian-peninsula\/\" \/>\n<meta property=\"og:site_name\" content=\"R\u00d6S&#039;S\" \/>\n<meta property=\"article:published_time\" content=\"2026-03-26T22:21:07+00:00\" \/>\n<meta property=\"article:modified_time\" content=\"2026-04-07T13:06:22+00:00\" \/>\n<meta property=\"og:image\" content=\"https:\/\/ross.international\/wp-content\/uploads\/2026\/02\/Newderma.webp\" \/>\n\t<meta property=\"og:image:width\" content=\"1670\" \/>\n\t<meta property=\"og:image:height\" content=\"1024\" \/>\n\t<meta property=\"og:image:type\" content=\"image\/webp\" \/>\n<meta name=\"author\" content=\"R\u00d6SS Est\u00e9tica\" \/>\n<meta name=\"twitter:card\" content=\"summary_large_image\" \/>\n<meta name=\"twitter:label1\" content=\"Written by\" \/>\n\t<meta name=\"twitter:data1\" content=\"R\u00d6SS Est\u00e9tica\" \/>\n\t<meta name=\"twitter:label2\" content=\"Est. reading time\" \/>\n\t<meta name=\"twitter:data2\" content=\"2 minutes\" \/>\n<script type=\"application\/ld+json\" class=\"yoast-schema-graph\">{\"@context\":\"https:\/\/schema.org\",\"@graph\":[{\"@type\":\"Article\",\"@id\":\"https:\/\/ross.international\/alianza-estrategica-ross-espana-y-newderma-potencian-el-mercado-de-la-estetica-en-la-peninsula-iberica\/#article\",\"isPartOf\":{\"@id\":\"https:\/\/ross.international\/alianza-estrategica-ross-espana-y-newderma-potencian-el-mercado-de-la-estetica-en-la-peninsula-iberica\/\"},\"author\":{\"name\":\"R\u00d6SS Est\u00e9tica\",\"@id\":\"https:\/\/ross.international\/#\/schema\/person\/96b97f76d225ca3a383173ae5a2a7b63\"},\"headline\":\"Alianza estrat\u00e9gica: R\u00d6S&#8217;S Espa\u00f1a y Newderma Potencian el mercado de la est\u00e9tica en la pen\u00ednsula Ib\u00e9rica\",\"datePublished\":\"2026-03-26T22:21:07+00:00\",\"dateModified\":\"2026-04-07T13:06:22+00:00\",\"mainEntityOfPage\":{\"@id\":\"https:\/\/ross.international\/alianza-estrategica-ross-espana-y-newderma-potencian-el-mercado-de-la-estetica-en-la-peninsula-iberica\/\"},\"wordCount\":391,\"commentCount\":0,\"publisher\":{\"@id\":\"https:\/\/ross.international\/#organization\"},\"image\":{\"@id\":\"https:\/\/ross.international\/alianza-estrategica-ross-espana-y-newderma-potencian-el-mercado-de-la-estetica-en-la-peninsula-iberica\/#primaryimage\"},\"thumbnailUrl\":\"https:\/\/ross.international\/wp-content\/uploads\/2026\/02\/Newderma.webp\",\"articleSection\":[\"R\u00d6SS\"],\"inLanguage\":\"en-US\",\"potentialAction\":[{\"@type\":\"CommentAction\",\"name\":\"Comment\",\"target\":[\"https:\/\/ross.international\/alianza-estrategica-ross-espana-y-newderma-potencian-el-mercado-de-la-estetica-en-la-peninsula-iberica\/#respond\"]}]},{\"@type\":\"WebPage\",\"@id\":\"https:\/\/ross.international\/alianza-estrategica-ross-espana-y-newderma-potencian-el-mercado-de-la-estetica-en-la-peninsula-iberica\/\",\"url\":\"https:\/\/ross.international\/alianza-estrategica-ross-espana-y-newderma-potencian-el-mercado-de-la-estetica-en-la-peninsula-iberica\/\",\"name\":\"Alianza estrat\u00e9gica: R\u00d6S'S Espa\u00f1a y Newderma Potencian el mercado de la est\u00e9tica en la pen\u00ednsula Ib\u00e9rica - R\u00d6S&#039;S\",\"isPartOf\":{\"@id\":\"https:\/\/ross.international\/#website\"},\"primaryImageOfPage\":{\"@id\":\"https:\/\/ross.international\/alianza-estrategica-ross-espana-y-newderma-potencian-el-mercado-de-la-estetica-en-la-peninsula-iberica\/#primaryimage\"},\"image\":{\"@id\":\"https:\/\/ross.international\/alianza-estrategica-ross-espana-y-newderma-potencian-el-mercado-de-la-estetica-en-la-peninsula-iberica\/#primaryimage\"},\"thumbnailUrl\":\"https:\/\/ross.international\/wp-content\/uploads\/2026\/02\/Newderma.webp\",\"datePublished\":\"2026-03-26T22:21:07+00:00\",\"dateModified\":\"2026-04-07T13:06:22+00:00\",\"breadcrumb\":{\"@id\":\"https:\/\/ross.international\/alianza-estrategica-ross-espana-y-newderma-potencian-el-mercado-de-la-estetica-en-la-peninsula-iberica\/#breadcrumb\"},\"inLanguage\":\"en-US\",\"potentialAction\":[{\"@type\":\"ReadAction\",\"target\":[\"https:\/\/ross.international\/alianza-estrategica-ross-espana-y-newderma-potencian-el-mercado-de-la-estetica-en-la-peninsula-iberica\/\"]}]},{\"@type\":\"ImageObject\",\"inLanguage\":\"en-US\",\"@id\":\"https:\/\/ross.international\/alianza-estrategica-ross-espana-y-newderma-potencian-el-mercado-de-la-estetica-en-la-peninsula-iberica\/#primaryimage\",\"url\":\"https:\/\/ross.international\/wp-content\/uploads\/2026\/02\/Newderma.webp\",\"contentUrl\":\"https:\/\/ross.international\/wp-content\/uploads\/2026\/02\/Newderma.webp\",\"width\":1670,\"height\":1024,\"caption\":\"Newderma\"},{\"@type\":\"BreadcrumbList\",\"@id\":\"https:\/\/ross.international\/alianza-estrategica-ross-espana-y-newderma-potencian-el-mercado-de-la-estetica-en-la-peninsula-iberica\/#breadcrumb\",\"itemListElement\":[{\"@type\":\"ListItem\",\"position\":1,\"name\":\"Portada\",\"item\":\"https:\/\/ross.international\/\"},{\"@type\":\"ListItem\",\"position\":2,\"name\":\"Alianza estrat\u00e9gica: R\u00d6S&#8217;S Espa\u00f1a y Newderma Potencian el mercado de la est\u00e9tica en la pen\u00ednsula Ib\u00e9rica\"}]},{\"@type\":\"WebSite\",\"@id\":\"https:\/\/ross.international\/#website\",\"url\":\"https:\/\/ross.international\/\",\"name\":\"R\u00d6S'S\",\"description\":\"\",\"publisher\":{\"@id\":\"https:\/\/ross.international\/#organization\"},\"potentialAction\":[{\"@type\":\"SearchAction\",\"target\":{\"@type\":\"EntryPoint\",\"urlTemplate\":\"https:\/\/ross.international\/?s={search_term_string}\"},\"query-input\":{\"@type\":\"PropertyValueSpecification\",\"valueRequired\":true,\"valueName\":\"search_term_string\"}}],\"inLanguage\":\"en-US\"},{\"@type\":\"Organization\",\"@id\":\"https:\/\/ross.international\/#organization\",\"name\":\"R\u00d6S'S\",\"alternateName\":[\"Ross\",\"ROSS\",\"R\u00f6ss\"],\"url\":\"https:\/\/ross.international\/\",\"logo\":{\"@type\":\"ImageObject\",\"inLanguage\":\"en-US\",\"@id\":\"https:\/\/ross.international\/#\/schema\/logo\/image\/\",\"url\":\"https:\/\/ross.international\/wp-content\/uploads\/2026\/03\/ross_logo.png\",\"contentUrl\":\"https:\/\/ross.international\/wp-content\/uploads\/2026\/03\/ross_logo.png\",\"width\":1200,\"height\":675,\"caption\":\"R\u00d6S'S\"},\"image\":{\"@id\":\"https:\/\/ross.international\/#\/schema\/logo\/image\/\"}},{\"@type\":\"Person\",\"@id\":\"https:\/\/ross.international\/#\/schema\/person\/96b97f76d225ca3a383173ae5a2a7b63\",\"name\":\"R\u00d6SS Est\u00e9tica\",\"image\":{\"@type\":\"ImageObject\",\"inLanguage\":\"en-US\",\"@id\":\"https:\/\/ross.international\/#\/schema\/person\/image\/\",\"url\":\"https:\/\/secure.gravatar.com\/avatar\/c9ab3cffa31520f19ed65401b678b69c07578fa8366bba0a02bd3bbd955fca8e?s=96&d=mm&r=g\",\"contentUrl\":\"https:\/\/secure.gravatar.com\/avatar\/c9ab3cffa31520f19ed65401b678b69c07578fa8366bba0a02bd3bbd955fca8e?s=96&d=mm&r=g\",\"caption\":\"R\u00d6SS Est\u00e9tica\"},\"sameAs\":[\"https:\/\/ross.international\"],\"url\":\"https:\/\/ross.international\/en\/author\/ross_estetica\/\"}]}<\/script>\n<!-- \/ Yoast SEO Premium plugin. -->","yoast_head_json":{"title":"Alianza estrat\u00e9gica: R\u00d6S'S Espa\u00f1a y Newderma Potencian el mercado de la est\u00e9tica en la pen\u00ednsula Ib\u00e9rica - R\u00d6S&#039;S","robots":{"index":"index","follow":"follow","max-snippet":"max-snippet:-1","max-image-preview":"max-image-preview:large","max-video-preview":"max-video-preview:-1"},"canonical":"https:\/\/ross.international\/en\/strategic-alliance-between-ross-spain-and-newderma-boosts-the-beauty-market-in-the-iberian-peninsula\/","og_locale":"en_US","og_type":"article","og_title":"Alianza estrat\u00e9gica: R\u00d6S'S Espa\u00f1a y Newderma Potencian el mercado de la est\u00e9tica en la pen\u00ednsula Ib\u00e9rica","og_description":"Recientemente, R\u00d6S&#8217;S Espa\u00f1a recibi\u00f3 la visita de Newderma, distribuidor oficial de la marca en Portugal. Este encuentro estrat\u00e9gico no solo refuerza la colaboraci\u00f3n entre ambas compa\u00f1\u00edas, sino que marca un punto de inflexi\u00f3n en la expansi\u00f3n y consolidaci\u00f3n de nuestras soluciones est\u00e9ticas en el mercado ib\u00e9rico. Durante la jornada, los equipos de Espa\u00f1a y Portugal [&hellip;]","og_url":"https:\/\/ross.international\/en\/strategic-alliance-between-ross-spain-and-newderma-boosts-the-beauty-market-in-the-iberian-peninsula\/","og_site_name":"R\u00d6S&#039;S","article_published_time":"2026-03-26T22:21:07+00:00","article_modified_time":"2026-04-07T13:06:22+00:00","og_image":[{"width":1670,"height":1024,"url":"https:\/\/ross.international\/wp-content\/uploads\/2026\/02\/Newderma.webp","type":"image\/webp"}],"author":"R\u00d6SS Est\u00e9tica","twitter_card":"summary_large_image","twitter_misc":{"Written by":"R\u00d6SS Est\u00e9tica","Est. reading time":"2 minutes"},"schema":{"@context":"https:\/\/schema.org","@graph":[{"@type":"Article","@id":"https:\/\/ross.international\/alianza-estrategica-ross-espana-y-newderma-potencian-el-mercado-de-la-estetica-en-la-peninsula-iberica\/#article","isPartOf":{"@id":"https:\/\/ross.international\/alianza-estrategica-ross-espana-y-newderma-potencian-el-mercado-de-la-estetica-en-la-peninsula-iberica\/"},"author":{"name":"R\u00d6SS Est\u00e9tica","@id":"https:\/\/ross.international\/#\/schema\/person\/96b97f76d225ca3a383173ae5a2a7b63"},"headline":"Alianza estrat\u00e9gica: R\u00d6S&#8217;S Espa\u00f1a y Newderma Potencian el mercado de la est\u00e9tica en la pen\u00ednsula Ib\u00e9rica","datePublished":"2026-03-26T22:21:07+00:00","dateModified":"2026-04-07T13:06:22+00:00","mainEntityOfPage":{"@id":"https:\/\/ross.international\/alianza-estrategica-ross-espana-y-newderma-potencian-el-mercado-de-la-estetica-en-la-peninsula-iberica\/"},"wordCount":391,"commentCount":0,"publisher":{"@id":"https:\/\/ross.international\/#organization"},"image":{"@id":"https:\/\/ross.international\/alianza-estrategica-ross-espana-y-newderma-potencian-el-mercado-de-la-estetica-en-la-peninsula-iberica\/#primaryimage"},"thumbnailUrl":"https:\/\/ross.international\/wp-content\/uploads\/2026\/02\/Newderma.webp","articleSection":["R\u00d6SS"],"inLanguage":"en-US","potentialAction":[{"@type":"CommentAction","name":"Comment","target":["https:\/\/ross.international\/alianza-estrategica-ross-espana-y-newderma-potencian-el-mercado-de-la-estetica-en-la-peninsula-iberica\/#respond"]}]},{"@type":"WebPage","@id":"https:\/\/ross.international\/alianza-estrategica-ross-espana-y-newderma-potencian-el-mercado-de-la-estetica-en-la-peninsula-iberica\/","url":"https:\/\/ross.international\/alianza-estrategica-ross-espana-y-newderma-potencian-el-mercado-de-la-estetica-en-la-peninsula-iberica\/","name":"Alianza estrat\u00e9gica: R\u00d6S'S Espa\u00f1a y Newderma Potencian el mercado de la est\u00e9tica en la pen\u00ednsula Ib\u00e9rica - R\u00d6S&#039;S","isPartOf":{"@id":"https:\/\/ross.international\/#website"},"primaryImageOfPage":{"@id":"https:\/\/ross.international\/alianza-estrategica-ross-espana-y-newderma-potencian-el-mercado-de-la-estetica-en-la-peninsula-iberica\/#primaryimage"},"image":{"@id":"https:\/\/ross.international\/alianza-estrategica-ross-espana-y-newderma-potencian-el-mercado-de-la-estetica-en-la-peninsula-iberica\/#primaryimage"},"thumbnailUrl":"https:\/\/ross.international\/wp-content\/uploads\/2026\/02\/Newderma.webp","datePublished":"2026-03-26T22:21:07+00:00","dateModified":"2026-04-07T13:06:22+00:00","breadcrumb":{"@id":"https:\/\/ross.international\/alianza-estrategica-ross-espana-y-newderma-potencian-el-mercado-de-la-estetica-en-la-peninsula-iberica\/#breadcrumb"},"inLanguage":"en-US","potentialAction":[{"@type":"ReadAction","target":["https:\/\/ross.international\/alianza-estrategica-ross-espana-y-newderma-potencian-el-mercado-de-la-estetica-en-la-peninsula-iberica\/"]}]},{"@type":"ImageObject","inLanguage":"en-US","@id":"https:\/\/ross.international\/alianza-estrategica-ross-espana-y-newderma-potencian-el-mercado-de-la-estetica-en-la-peninsula-iberica\/#primaryimage","url":"https:\/\/ross.international\/wp-content\/uploads\/2026\/02\/Newderma.webp","contentUrl":"https:\/\/ross.international\/wp-content\/uploads\/2026\/02\/Newderma.webp","width":1670,"height":1024,"caption":"Newderma"},{"@type":"BreadcrumbList","@id":"https:\/\/ross.international\/alianza-estrategica-ross-espana-y-newderma-potencian-el-mercado-de-la-estetica-en-la-peninsula-iberica\/#breadcrumb","itemListElement":[{"@type":"ListItem","position":1,"name":"Portada","item":"https:\/\/ross.international\/"},{"@type":"ListItem","position":2,"name":"Alianza estrat\u00e9gica: R\u00d6S&#8217;S Espa\u00f1a y Newderma Potencian el mercado de la est\u00e9tica en la pen\u00ednsula Ib\u00e9rica"}]},{"@type":"WebSite","@id":"https:\/\/ross.international\/#website","url":"https:\/\/ross.international\/","name":"R\u00d6S'S","description":"","publisher":{"@id":"https:\/\/ross.international\/#organization"},"potentialAction":[{"@type":"SearchAction","target":{"@type":"EntryPoint","urlTemplate":"https:\/\/ross.international\/?s={search_term_string}"},"query-input":{"@type":"PropertyValueSpecification","valueRequired":true,"valueName":"search_term_string"}}],"inLanguage":"en-US"},{"@type":"Organization","@id":"https:\/\/ross.international\/#organization","name":"R\u00d6S'S","alternateName":["Ross","ROSS","R\u00f6ss"],"url":"https:\/\/ross.international\/","logo":{"@type":"ImageObject","inLanguage":"en-US","@id":"https:\/\/ross.international\/#\/schema\/logo\/image\/","url":"https:\/\/ross.international\/wp-content\/uploads\/2026\/03\/ross_logo.png","contentUrl":"https:\/\/ross.international\/wp-content\/uploads\/2026\/03\/ross_logo.png","width":1200,"height":675,"caption":"R\u00d6S'S"},"image":{"@id":"https:\/\/ross.international\/#\/schema\/logo\/image\/"}},{"@type":"Person","@id":"https:\/\/ross.international\/#\/schema\/person\/96b97f76d225ca3a383173ae5a2a7b63","name":"R\u00d6SS Est\u00e9tica","image":{"@type":"ImageObject","inLanguage":"en-US","@id":"https:\/\/ross.international\/#\/schema\/person\/image\/","url":"https:\/\/secure.gravatar.com\/avatar\/c9ab3cffa31520f19ed65401b678b69c07578fa8366bba0a02bd3bbd955fca8e?s=96&d=mm&r=g","contentUrl":"https:\/\/secure.gravatar.com\/avatar\/c9ab3cffa31520f19ed65401b678b69c07578fa8366bba0a02bd3bbd955fca8e?s=96&d=mm&r=g","caption":"R\u00d6SS Est\u00e9tica"},"sameAs":["https:\/\/ross.international"],"url":"https:\/\/ross.international\/en\/author\/ross_estetica\/"}]}},"_links":{"self":[{"href":"https:\/\/ross.international\/en\/wp-json\/wp\/v2\/posts\/24604","targetHints":{"allow":["GET"]}}],"collection":[{"href":"https:\/\/ross.international\/en\/wp-json\/wp\/v2\/posts"}],"about":[{"href":"https:\/\/ross.international\/en\/wp-json\/wp\/v2\/types\/post"}],"author":[{"embeddable":true,"href":"https:\/\/ross.international\/en\/wp-json\/wp\/v2\/users\/2"}],"replies":[{"embeddable":true,"href":"https:\/\/ross.international\/en\/wp-json\/wp\/v2\/comments?post=24604"}],"version-history":[{"count":2,"href":"https:\/\/ross.international\/en\/wp-json\/wp\/v2\/posts\/24604\/revisions"}],"predecessor-version":[{"id":24627,"href":"https:\/\/ross.international\/en\/wp-json\/wp\/v2\/posts\/24604\/revisions\/24627"}],"wp:featuredmedia":[{"embeddable":true,"href":"https:\/\/ross.international\/en\/wp-json\/wp\/v2\/media\/24628"}],"wp:attachment":[{"href":"https:\/\/ross.international\/en\/wp-json\/wp\/v2\/media?parent=24604"}],"wp:term":[{"taxonomy":"category","embeddable":true,"href":"https:\/\/ross.international\/en\/wp-json\/wp\/v2\/categories?post=24604"},{"taxonomy":"post_tag","embeddable":true,"href":"https:\/\/ross.international\/en\/wp-json\/wp\/v2\/tags?post=24604"}],"curies":[{"name":"wp","href":"https:\/\/api.w.org\/{rel}","templated":true}]}}